{"id":4664,"date":"2020-05-21T20:07:44","date_gmt":"2020-05-21T18:07:44","guid":{"rendered":"https:\/\/www.nofrills-excursions.com\/blog\/?p=4664"},"modified":"2022-01-19T10:55:33","modified_gmt":"2022-01-19T09:55:33","slug":"mallorca-in-september","status":"publish","type":"post","link":"https:\/\/www.nofrills-excursions.com\/blog\/mallorca-in-september\/","title":{"rendered":"Mallorca (Majorca) in September &#8211; The Best Things to See and Do"},"content":{"rendered":"\t\t<div data-elementor-type=\"wp-post\" data-elementor-id=\"4664\" class=\"elementor elementor-4664\" data-elementor-settings=\"[]\">\n\t\t\t\t\t\t<div class=\"elementor-inner\">\n\t\t\t\t\t\t\t<div class=\"elementor-section-wrap\">\n\t\t\t\t\t\t\t<section class=\"elementor-section elementor-top-section elementor-element elementor-element-e121eac elementor-section-boxed elementor-section-height-default elementor-section-height-default\" data-id=\"e121eac\" data-element_type=\"section\">\n\t\t\t\t\t\t<div class=\"elementor-container elementor-column-gap-default\">\n\t\t\t\t\t\t\t<div class=\"elementor-row\">\n\t\t\t\t\t<div class=\"elementor-column elementor-col-100 elementor-top-column elementor-element elementor-element-0f27b37\" data-id=\"0f27b37\" data-element_type=\"column\">\n\t\t\t<div class=\"elementor-column-wrap elementor-element-populated\">\n\t\t\t\t\t\t\t<div class=\"elementor-widget-wrap\">\n\t\t\t\t\t\t<div class=\"elementor-element elementor-element-2fd9958 elementor-widget elementor-widget-text-editor\" data-id=\"2fd9958\" data-element_type=\"widget\" data-widget_type=\"text-editor.default\">\n\t\t\t\t<div class=\"elementor-widget-container\">\n\t\t\t\t\t\t\t\t<div class=\"elementor-text-editor elementor-clearfix\">\n\t\t\t\t<p>Majorca in September is a <strong>perfect time to enjoy a break to the this Balearic Island<\/strong>. Summer may be nearing an end but the <strong>weather in Mallorca still feels like summer<\/strong> and everything is still in full swing. Most of the schools around Europe are going back to work so there are fewer families and children. <strong>The beaches and beach clubs are less crowded<\/strong> and many hotels have the same feeling as well as a<strong> reduction of traffic on the roads<\/strong>. September in Mallorca is an ideal time to sample some <strong>local culture and gastronomy<\/strong>.<\/p>\t\t\t\t\t<\/div>\n\t\t\t\t\t\t<\/div>\n\t\t\t\t<\/div>\n\t\t\t\t\t\t<\/div>\n\t\t\t\t\t<\/div>\n\t\t<\/div>\n\t\t\t\t\t\t\t\t<\/div>\n\t\t\t\t\t<\/div>\n\t\t<\/section>\n\t\t\t\t<section class=\"elementor-section elementor-top-section elementor-element elementor-element-9f494a1 elementor-section-boxed elementor-section-height-default elementor-section-height-default\" data-id=\"9f494a1\" data-element_type=\"section\">\n\t\t\t\t\t\t<div class=\"elementor-container elementor-column-gap-default\">\n\t\t\t\t\t\t\t<div class=\"elementor-row\">\n\t\t\t\t\t<div class=\"elementor-column elementor-col-100 elementor-top-column elementor-element elementor-element-c83d188\" data-id=\"c83d188\" data-element_type=\"column\">\n\t\t\t<div class=\"elementor-column-wrap elementor-element-populated\">\n\t\t\t\t\t\t\t<div class=\"elementor-widget-wrap\">\n\t\t\t\t\t\t<div class=\"elementor-element elementor-element-08e0a0b elementor-widget elementor-widget-image\" data-id=\"08e0a0b\" data-element_type=\"widget\" data-widget_type=\"image.default\">\n\t\t\t\t<div class=\"elementor-widget-container\">\n\t\t\t\t\t\t\t\t<div class=\"elementor-image\">\n\t\t\t\t\t\t\t\t\t\t\t\t<img width=\"392\" height=\"271\" src=\"https:\/\/www.nofrills-excursions.com\/blog\/wp-content\/uploads\/2012\/05\/Screenshot_2.png\" class=\"attachment-thumb-large size-thumb-large\" alt=\"bullring flamenco show\" srcset=\"https:\/\/www.nofrills-excursions.com\/blog\/wp-content\/uploads\/2012\/05\/Screenshot_2.png 392w, https:\/\/www.nofrills-excursions.com\/blog\/wp-content\/uploads\/2012\/05\/Screenshot_2-300x207.png 300w\" sizes=\"(max-width: 392px) 100vw, 392px\" \/>\t\t\t\t\t\t\t\t\t\t\t\t\t\t<\/div>\n\t\t\t\t\t\t<\/div>\n\t\t\t\t<\/div>\n\t\t\t\t\t\t<\/div>\n\t\t\t\t\t<\/div>\n\t\t<\/div>\n\t\t\t\t\t\t\t\t<\/div>\n\t\t\t\t\t<\/div>\n\t\t<\/section>\n\t\t\t\t<section class=\"elementor-section elementor-top-section elementor-element elementor-element-8f8d082 elementor-section-boxed elementor-section-height-default elementor-section-height-default\" data-id=\"8f8d082\" data-element_type=\"section\">\n\t\t\t\t\t\t<div class=\"elementor-container elementor-column-gap-default\">\n\t\t\t\t\t\t\t<div class=\"elementor-row\">\n\t\t\t\t\t<div class=\"elementor-column elementor-col-100 elementor-top-column elementor-element elementor-element-0bb36d7\" data-id=\"0bb36d7\" data-element_type=\"column\">\n\t\t\t<div class=\"elementor-column-wrap elementor-element-populated\">\n\t\t\t\t\t\t\t<div class=\"elementor-widget-wrap\">\n\t\t\t\t\t\t<div class=\"elementor-element elementor-element-f58a54e elementor-widget elementor-widget-heading\" data-id=\"f58a54e\" data-element_type=\"widget\" data-widget_type=\"heading.default\">\n\t\t\t\t<div class=\"elementor-widget-container\">\n\t\t\t<div id=\"ez-toc-container\" class=\"ez-toc-v2_0_16 counter-hierarchy counter-decimal ez-toc-grey\">\n<div class=\"ez-toc-title-container\">\n<p class=\"ez-toc-title\">Table of Contents<\/p>\n<span class=\"ez-toc-title-toggle\"><a class=\"ez-toc-pull-right ez-toc-btn ez-toc-btn-xs ez-toc-btn-default ez-toc-toggle\" style=\"display: none;\"><i class=\"ez-toc-glyphicon ez-toc-icon-toggle\"><\/i><\/a><\/span><\/div>\n<nav><ul class=\"ez-toc-list ez-toc-list-level-1\"><li class=\"ez-toc-page-1 ez-toc-heading-level-2\"><a class=\"ez-toc-link ez-toc-heading-1\" href=\"https:\/\/www.nofrills-excursions.com\/blog\/mallorca-in-september\/#Mallorca_Weather_in_September\" title=\"Mallorca Weather in September\">Mallorca Weather in September<\/a><\/li><li class=\"ez-toc-page-1 ez-toc-heading-level-2\"><a class=\"ez-toc-link ez-toc-heading-2\" href=\"https:\/\/www.nofrills-excursions.com\/blog\/mallorca-in-september\/#Mallorca_holidays_and_events_in_September\" title=\"Mallorca holidays and events in September\">Mallorca holidays and events in September<\/a><ul class=\"ez-toc-list-level-3\"><li class=\"ez-toc-heading-level-3\"><a class=\"ez-toc-link ez-toc-heading-3\" href=\"https:\/\/www.nofrills-excursions.com\/blog\/mallorca-in-september\/#The_fiestas_de_Vermar_in_Binnisalem\" title=\"The fiestas de Vermar in Binnisalem\">The fiestas de Vermar in Binnisalem<\/a><\/li><li class=\"ez-toc-page-1 ez-toc-heading-level-3\"><a class=\"ez-toc-link ez-toc-heading-4\" href=\"https:\/\/www.nofrills-excursions.com\/blog\/mallorca-in-september\/#La_beata_Fiesta_in_Santa_Margalida\" title=\"La beata Fiesta in Santa Margalida\">La beata Fiesta in Santa Margalida<\/a><\/li><\/ul><\/li><li class=\"ez-toc-page-1 ez-toc-heading-level-2\"><a class=\"ez-toc-link ez-toc-heading-5\" href=\"https:\/\/www.nofrills-excursions.com\/blog\/mallorca-in-september\/#What_to_See_and_Do_in_Mallorca_in_September\" title=\"What to See and Do in Mallorca in September\">What to See and Do in Mallorca in September<\/a><ul class=\"ez-toc-list-level-3\"><li class=\"ez-toc-heading-level-3\"><a class=\"ez-toc-link ez-toc-heading-6\" href=\"https:\/\/www.nofrills-excursions.com\/blog\/mallorca-in-september\/#Tourist_attractions\" title=\"Tourist attractions\">Tourist attractions<\/a><\/li><li class=\"ez-toc-page-1 ez-toc-heading-level-3\"><a class=\"ez-toc-link ez-toc-heading-7\" href=\"https:\/\/www.nofrills-excursions.com\/blog\/mallorca-in-september\/#Horse_riding_in_Alcudia\" title=\"Horse riding in Alcudia\">Horse riding in Alcudia<\/a><\/li><li class=\"ez-toc-page-1 ez-toc-heading-level-3\"><a class=\"ez-toc-link ez-toc-heading-8\" href=\"https:\/\/www.nofrills-excursions.com\/blog\/mallorca-in-september\/#Beaches_and_walking\" title=\"Beaches and walking\">Beaches and walking<\/a><\/li><li class=\"ez-toc-page-1 ez-toc-heading-level-3\"><a class=\"ez-toc-link ez-toc-heading-9\" href=\"https:\/\/www.nofrills-excursions.com\/blog\/mallorca-in-september\/#Recommended_walks\" title=\"Recommended walks\">Recommended walks<\/a><\/li><li class=\"ez-toc-page-1 ez-toc-heading-level-3\"><a class=\"ez-toc-link ez-toc-heading-10\" href=\"https:\/\/www.nofrills-excursions.com\/blog\/mallorca-in-september\/#Visit_the_literary_museum_in_Binissalem_-_Casa_Llorenc_Villalonga\" title=\"Visit the literary museum in Binissalem &#8211; Casa Lloren\u00e7 Villalonga\">Visit the literary museum in Binissalem &#8211; Casa Lloren\u00e7 Villalonga<\/a><\/li><li class=\"ez-toc-page-1 ez-toc-heading-level-3\"><a class=\"ez-toc-link ez-toc-heading-11\" href=\"https:\/\/www.nofrills-excursions.com\/blog\/mallorca-in-september\/#Mallorcan_gastronomy_tasting_-_the_spicy_sobrassada_sausage\" title=\"Mallorcan gastronomy tasting &#8211; the spicy sobrassada sausage\">Mallorcan gastronomy tasting &#8211; the spicy sobrassada sausage<\/a><\/li><\/ul><\/li><\/ul><\/nav><\/div>\n<h2 class=\"elementor-heading-title elementor-size-default\"><span class=\"ez-toc-section\" id=\"Mallorca_Weather_in_September\"><\/span>Mallorca Weather in September<span class=\"ez-toc-section-end\"><\/span><\/h2>\t\t<\/div>\n\t\t\t\t<\/div>\n\t\t\t\t\t\t<\/div>\n\t\t\t\t\t<\/div>\n\t\t<\/div>\n\t\t\t\t\t\t\t\t<\/div>\n\t\t\t\t\t<\/div>\n\t\t<\/section>\n\t\t\t\t<section class=\"elementor-section elementor-top-section elementor-element elementor-element-6c33df2 elementor-section-boxed elementor-section-height-default elementor-section-height-default\" data-id=\"6c33df2\" data-element_type=\"section\">\n\t\t\t\t\t\t<div class=\"elementor-container elementor-column-gap-default\">\n\t\t\t\t\t\t\t<div class=\"elementor-row\">\n\t\t\t\t\t<div class=\"elementor-column elementor-col-100 elementor-top-column elementor-element elementor-element-e2b656f\" data-id=\"e2b656f\" data-element_type=\"column\">\n\t\t\t<div class=\"elementor-column-wrap elementor-element-populated\">\n\t\t\t\t\t\t\t<div class=\"elementor-widget-wrap\">\n\t\t\t\t\t\t<div class=\"elementor-element elementor-element-8a3f660 elementor-widget elementor-widget-text-editor\" data-id=\"8a3f660\" data-element_type=\"widget\" data-widget_type=\"text-editor.default\">\n\t\t\t\t<div class=\"elementor-widget-container\">\n\t\t\t\t\t\t\t\t<div class=\"elementor-text-editor elementor-clearfix\">\n\t\t\t\t<p>The weather in Mallorca in September is spectacular! Approximately 12.5 hours of sunshine makes the days still long and the nights are warm, but beginning to cool slightly. Temperatures are on average in the high 20s with the mercury often reaching the mid to high 30s.<\/p>\t\t\t\t\t<\/div>\n\t\t\t\t\t\t<\/div>\n\t\t\t\t<\/div>\n\t\t\t\t\t\t<\/div>\n\t\t\t\t\t<\/div>\n\t\t<\/div>\n\t\t\t\t\t\t\t\t<\/div>\n\t\t\t\t\t<\/div>\n\t\t<\/section>\n\t\t\t\t<section class=\"elementor-section elementor-top-section elementor-element elementor-element-b91baf4 elementor-section-boxed elementor-section-height-default elementor-section-height-default\" data-id=\"b91baf4\" data-element_type=\"section\">\n\t\t\t\t\t\t<div class=\"elementor-container elementor-column-gap-default\">\n\t\t\t\t\t\t\t<div class=\"elementor-row\">\n\t\t\t\t\t<div class=\"elementor-column elementor-col-100 elementor-top-column elementor-element elementor-element-f77fda9\" data-id=\"f77fda9\" data-element_type=\"column\">\n\t\t\t<div class=\"elementor-column-wrap elementor-element-populated\">\n\t\t\t\t\t\t\t<div class=\"elementor-widget-wrap\">\n\t\t\t\t\t\t<div class=\"elementor-element elementor-element-f729ff7 elementor-align-left elementor-icon-list--layout-traditional elementor-list-item-link-full_width elementor-widget elementor-widget-icon-list\" data-id=\"f729ff7\" data-element_type=\"widget\" data-widget_type=\"icon-list.default\">\n\t\t\t\t<div class=\"elementor-widget-container\">\n\t\t\t\t\t<ul class=\"elementor-icon-list-items\">\n\t\t\t\t\t\t\t<li class=\"elementor-icon-list-item\">\n\t\t\t\t\t\t\t\t\t\t\t<span class=\"elementor-icon-list-icon\">\n\t\t\t\t\t\t\t<i aria-hidden=\"true\" class=\"fas fa-temperature-high\"><\/i>\t\t\t\t\t\t<\/span>\n\t\t\t\t\t\t\t\t\t\t<span class=\"elementor-icon-list-text\">\tHow hot can it get in September? <\/span>\n\t\t\t\t\t\t\t\t\t<\/li>\n\t\t\t\t\t\t<\/ul>\n\t\t\t\t<\/div>\n\t\t\t\t<\/div>\n\t\t\t\t\t\t<\/div>\n\t\t\t\t\t<\/div>\n\t\t<\/div>\n\t\t\t\t\t\t\t\t<\/div>\n\t\t\t\t\t<\/div>\n\t\t<\/section>\n\t\t\t\t<section class=\"elementor-section elementor-top-section elementor-element elementor-element-a9aa9d0 elementor-section-boxed elementor-section-height-default elementor-section-height-default\" data-id=\"a9aa9d0\" data-element_type=\"section\">\n\t\t\t\t\t\t<div class=\"elementor-container elementor-column-gap-default\">\n\t\t\t\t\t\t\t<div class=\"elementor-row\">\n\t\t\t\t\t<div class=\"elementor-column elementor-col-100 elementor-top-column elementor-element elementor-element-d80e39a\" data-id=\"d80e39a\" data-element_type=\"column\">\n\t\t\t<div class=\"elementor-column-wrap elementor-element-populated\">\n\t\t\t\t\t\t\t<div class=\"elementor-widget-wrap\">\n\t\t\t\t\t\t<div class=\"elementor-element elementor-element-0c5dfcf elementor-widget elementor-widget-text-editor\" data-id=\"0c5dfcf\" data-element_type=\"widget\" data-widget_type=\"text-editor.default\">\n\t\t\t\t<div class=\"elementor-widget-container\">\n\t\t\t\t\t\t\t\t<div class=\"elementor-text-editor elementor-clearfix\">\n\t\t\t\t<p>Mallorca is hot in September. The highest temperature recorded in Palma de Mallorca airport was 38.2 \u00b0C. As average the daytime temperature is 25 \u00b0C, but at noon it can reach 32\u00b0C.\u00a0 At night time goes down even till\u00a0 19-22 \u00b0C.<\/p>\t\t\t\t\t<\/div>\n\t\t\t\t\t\t<\/div>\n\t\t\t\t<\/div>\n\t\t\t\t\t\t<\/div>\n\t\t\t\t\t<\/div>\n\t\t<\/div>\n\t\t\t\t\t\t\t\t<\/div>\n\t\t\t\t\t<\/div>\n\t\t<\/section>\n\t\t\t\t<section class=\"elementor-section elementor-top-section elementor-element elementor-element-bdc6550 elementor-section-boxed elementor-section-height-default elementor-section-height-default\" data-id=\"bdc6550\" data-element_type=\"section\">\n\t\t\t\t\t\t<div class=\"elementor-container elementor-column-gap-default\">\n\t\t\t\t\t\t\t<div class=\"elementor-row\">\n\t\t\t\t\t<div class=\"elementor-column elementor-col-100 elementor-top-column elementor-element elementor-element-56f021a\" data-id=\"56f021a\" data-element_type=\"column\">\n\t\t\t<div class=\"elementor-column-wrap elementor-element-populated\">\n\t\t\t\t\t\t\t<div class=\"elementor-widget-wrap\">\n\t\t\t\t\t\t<div class=\"elementor-element elementor-element-569c9d7 elementor-icon-list--layout-traditional elementor-list-item-link-full_width elementor-widget elementor-widget-icon-list\" data-id=\"569c9d7\" data-element_type=\"widget\" data-widget_type=\"icon-list.default\">\n\t\t\t\t<div class=\"elementor-widget-container\">\n\t\t\t\t\t<ul class=\"elementor-icon-list-items\">\n\t\t\t\t\t\t\t<li class=\"elementor-icon-list-item\">\n\t\t\t\t\t\t\t\t\t\t\t<span class=\"elementor-icon-list-icon\">\n\t\t\t\t\t\t\t<i aria-hidden=\"true\" class=\"fas fa-umbrella-beach\"><\/i>\t\t\t\t\t\t<\/span>\n\t\t\t\t\t\t\t\t\t\t<span class=\"elementor-icon-list-text\">Can you sunbathe in Mallorca in September? <\/span>\n\t\t\t\t\t\t\t\t\t<\/li>\n\t\t\t\t\t\t<\/ul>\n\t\t\t\t<\/div>\n\t\t\t\t<\/div>\n\t\t\t\t\t\t<\/div>\n\t\t\t\t\t<\/div>\n\t\t<\/div>\n\t\t\t\t\t\t\t\t<\/div>\n\t\t\t\t\t<\/div>\n\t\t<\/section>\n\t\t\t\t<section class=\"elementor-section elementor-top-section elementor-element elementor-element-3b6dafd elementor-section-boxed elementor-section-height-default elementor-section-height-default\" data-id=\"3b6dafd\" data-element_type=\"section\">\n\t\t\t\t\t\t<div class=\"elementor-container elementor-column-gap-default\">\n\t\t\t\t\t\t\t<div class=\"elementor-row\">\n\t\t\t\t\t<div class=\"elementor-column elementor-col-100 elementor-top-column elementor-element elementor-element-3a5ed9f\" data-id=\"3a5ed9f\" data-element_type=\"column\">\n\t\t\t<div class=\"elementor-column-wrap elementor-element-populated\">\n\t\t\t\t\t\t\t<div class=\"elementor-widget-wrap\">\n\t\t\t\t\t\t<div class=\"elementor-element elementor-element-9668852 elementor-widget elementor-widget-text-editor\" data-id=\"9668852\" data-element_type=\"widget\" data-widget_type=\"text-editor.default\">\n\t\t\t\t<div class=\"elementor-widget-container\">\n\t\t\t\t\t\t\t\t<div class=\"elementor-text-editor elementor-clearfix\">\n\t\t\t\t<p>Mallorca in September has perfect beach weather. The sea temperature is around 27 <span style=\"font-family: Roboto, sans-serif; font-size: 18px; font-style: normal; font-variant-ligatures: normal; font-variant-caps: normal; font-weight: 400;\">\u00b0C<\/span>. It is still perfect idea to enjoy the sunshine hours during the boat trips, scuba diving or in one of the local bars and restaurants at the beach.<\/p>\t\t\t\t\t<\/div>\n\t\t\t\t\t\t<\/div>\n\t\t\t\t<\/div>\n\t\t\t\t\t\t<\/div>\n\t\t\t\t\t<\/div>\n\t\t<\/div>\n\t\t\t\t\t\t\t\t<\/div>\n\t\t\t\t\t<\/div>\n\t\t<\/section>\n\t\t\t\t<section class=\"elementor-section elementor-top-section elementor-element elementor-element-1a7db69 elementor-section-boxed elementor-section-height-default elementor-section-height-default\" data-id=\"1a7db69\" data-element_type=\"section\">\n\t\t\t\t\t\t<div class=\"elementor-container elementor-column-gap-default\">\n\t\t\t\t\t\t\t<div class=\"elementor-row\">\n\t\t\t\t\t<div class=\"elementor-column elementor-col-100 elementor-top-column elementor-element elementor-element-8b2ab42\" data-id=\"8b2ab42\" data-element_type=\"column\">\n\t\t\t<div class=\"elementor-column-wrap elementor-element-populated\">\n\t\t\t\t\t\t\t<div class=\"elementor-widget-wrap\">\n\t\t\t\t\t\t<div class=\"elementor-element elementor-element-7e0313d elementor-icon-list--layout-traditional elementor-list-item-link-full_width elementor-widget elementor-widget-icon-list\" data-id=\"7e0313d\" data-element_type=\"widget\" data-widget_type=\"icon-list.default\">\n\t\t\t\t<div class=\"elementor-widget-container\">\n\t\t\t\t\t<ul class=\"elementor-icon-list-items\">\n\t\t\t\t\t\t\t<li class=\"elementor-icon-list-item\">\n\t\t\t\t\t\t\t\t\t\t\t<span class=\"elementor-icon-list-icon\">\n\t\t\t\t\t\t\t<i aria-hidden=\"true\" class=\"fas fa-suitcase-rolling\"><\/i>\t\t\t\t\t\t<\/span>\n\t\t\t\t\t\t\t\t\t\t<span class=\"elementor-icon-list-text\">What should I pack with this weather? <\/span>\n\t\t\t\t\t\t\t\t\t<\/li>\n\t\t\t\t\t\t<\/ul>\n\t\t\t\t<\/div>\n\t\t\t\t<\/div>\n\t\t\t\t\t\t<\/div>\n\t\t\t\t\t<\/div>\n\t\t<\/div>\n\t\t\t\t\t\t\t\t<\/div>\n\t\t\t\t\t<\/div>\n\t\t<\/section>\n\t\t\t\t<section class=\"elementor-section elementor-top-section elementor-element elementor-element-7f2253f elementor-section-boxed elementor-section-height-default elementor-section-height-default\" data-id=\"7f2253f\" data-element_type=\"section\">\n\t\t\t\t\t\t<div class=\"elementor-container elementor-column-gap-default\">\n\t\t\t\t\t\t\t<div class=\"elementor-row\">\n\t\t\t\t\t<div class=\"elementor-column elementor-col-100 elementor-top-column elementor-element elementor-element-a868aff\" data-id=\"a868aff\" data-element_type=\"column\">\n\t\t\t<div class=\"elementor-column-wrap elementor-element-populated\">\n\t\t\t\t\t\t\t<div class=\"elementor-widget-wrap\">\n\t\t\t\t\t\t<div class=\"elementor-element elementor-element-6a3ab57 elementor-widget elementor-widget-text-editor\" data-id=\"6a3ab57\" data-element_type=\"widget\" data-widget_type=\"text-editor.default\">\n\t\t\t\t<div class=\"elementor-widget-container\">\n\t\t\t\t\t\t\t\t<div class=\"elementor-text-editor elementor-clearfix\">\n\t\t\t\t<p>In your suitcase to travel to Mallorca in September, you will need shorts, light trousers, T-shirts during the day. Don\u2019t forget the beach stuff such as towel, bikini and sun cream. It is advisable to bring a jersey or cardigan for the evenings if you are dining al fresco. Mallorca weather can surprise you with a little rain or wind, but it is still one of the best times to visit Mallorca.<\/p>\t\t\t\t\t<\/div>\n\t\t\t\t\t\t<\/div>\n\t\t\t\t<\/div>\n\t\t\t\t\t\t<\/div>\n\t\t\t\t\t<\/div>\n\t\t<\/div>\n\t\t\t\t\t\t\t\t<\/div>\n\t\t\t\t\t<\/div>\n\t\t<\/section>\n\t\t\t\t<section class=\"elementor-section elementor-top-section elementor-element elementor-element-e044d0b elementor-section-boxed elementor-section-height-default elementor-section-height-default\" data-id=\"e044d0b\" data-element_type=\"section\">\n\t\t\t\t\t\t<div class=\"elementor-container elementor-column-gap-default\">\n\t\t\t\t\t\t\t<div class=\"elementor-row\">\n\t\t\t\t\t<div class=\"elementor-column elementor-col-100 elementor-top-column elementor-element elementor-element-c98c6d7\" data-id=\"c98c6d7\" data-element_type=\"column\">\n\t\t\t<div class=\"elementor-column-wrap elementor-element-populated\">\n\t\t\t\t\t\t\t<div class=\"elementor-widget-wrap\">\n\t\t\t\t\t\t<div class=\"elementor-element elementor-element-32e6183 elementor-icon-list--layout-traditional elementor-list-item-link-full_width elementor-widget elementor-widget-icon-list\" data-id=\"32e6183\" data-element_type=\"widget\" data-widget_type=\"icon-list.default\">\n\t\t\t\t<div class=\"elementor-widget-container\">\n\t\t\t\t\t<ul class=\"elementor-icon-list-items\">\n\t\t\t\t\t\t\t<li class=\"elementor-icon-list-item\">\n\t\t\t\t\t\t\t\t\t\t\t<span class=\"elementor-icon-list-icon\">\n\t\t\t\t\t\t\t<i aria-hidden=\"true\" class=\"far fa-clock\"><\/i>\t\t\t\t\t\t<\/span>\n\t\t\t\t\t\t\t\t\t\t<span class=\"elementor-icon-list-text\">What time are the sunset and the sunrise?<\/span>\n\t\t\t\t\t\t\t\t\t<\/li>\n\t\t\t\t\t\t<\/ul>\n\t\t\t\t<\/div>\n\t\t\t\t<\/div>\n\t\t\t\t\t\t<\/div>\n\t\t\t\t\t<\/div>\n\t\t<\/div>\n\t\t\t\t\t\t\t\t<\/div>\n\t\t\t\t\t<\/div>\n\t\t<\/section>\n\t\t\t\t<section class=\"elementor-section elementor-top-section elementor-element elementor-element-9ceebc0 elementor-section-boxed elementor-section-height-default elementor-section-height-default\" data-id=\"9ceebc0\" data-element_type=\"section\">\n\t\t\t\t\t\t<div class=\"elementor-container elementor-column-gap-default\">\n\t\t\t\t\t\t\t<div class=\"elementor-row\">\n\t\t\t\t\t<div class=\"elementor-column elementor-col-100 elementor-top-column elementor-element elementor-element-e15a988\" data-id=\"e15a988\" data-element_type=\"column\">\n\t\t\t<div class=\"elementor-column-wrap elementor-element-populated\">\n\t\t\t\t\t\t\t<div class=\"elementor-widget-wrap\">\n\t\t\t\t\t\t<div class=\"elementor-element elementor-element-87025ff elementor-widget elementor-widget-text-editor\" data-id=\"87025ff\" data-element_type=\"widget\" data-widget_type=\"text-editor.default\">\n\t\t\t\t<div class=\"elementor-widget-container\">\n\t\t\t\t\t\t\t\t<div class=\"elementor-text-editor elementor-clearfix\">\n\t\t\t\t<p>The Sunrise is at around 07:30 and the sunset at 20:00 approximately.<\/p>\t\t\t\t\t<\/div>\n\t\t\t\t\t\t<\/div>\n\t\t\t\t<\/div>\n\t\t\t\t\t\t<\/div>\n\t\t\t\t\t<\/div>\n\t\t<\/div>\n\t\t\t\t\t\t\t\t<\/div>\n\t\t\t\t\t<\/div>\n\t\t<\/section>\n\t\t\t\t<section class=\"elementor-section elementor-top-section elementor-element elementor-element-d38c181 elementor-section-boxed elementor-section-height-default elementor-section-height-default\" data-id=\"d38c181\" data-element_type=\"section\">\n\t\t\t\t\t\t<div class=\"elementor-container elementor-column-gap-default\">\n\t\t\t\t\t\t\t<div class=\"elementor-row\">\n\t\t\t\t\t<div class=\"elementor-column elementor-col-100 elementor-top-column elementor-element elementor-element-471de0b\" data-id=\"471de0b\" data-element_type=\"column\">\n\t\t\t<div class=\"elementor-column-wrap elementor-element-populated\">\n\t\t\t\t\t\t\t<div class=\"elementor-widget-wrap\">\n\t\t\t\t\t\t<div class=\"elementor-element elementor-element-049f0f2 elementor-widget elementor-widget-heading\" data-id=\"049f0f2\" data-element_type=\"widget\" data-widget_type=\"heading.default\">\n\t\t\t\t<div class=\"elementor-widget-container\">\n\t\t\t<h2 class=\"elementor-heading-title elementor-size-default\"><span class=\"ez-toc-section\" id=\"Mallorca_holidays_and_events_in_September\"><\/span>Mallorca holidays and events in September<span class=\"ez-toc-section-end\"><\/span><\/h2>\t\t<\/div>\n\t\t\t\t<\/div>\n\t\t\t\t\t\t<\/div>\n\t\t\t\t\t<\/div>\n\t\t<\/div>\n\t\t\t\t\t\t\t\t<\/div>\n\t\t\t\t\t<\/div>\n\t\t<\/section>\n\t\t\t\t<section class=\"elementor-section elementor-top-section elementor-element elementor-element-1d73b7a elementor-section-boxed elementor-section-height-default elementor-section-height-default\" data-id=\"1d73b7a\" data-element_type=\"section\">\n\t\t\t\t\t\t<div class=\"elementor-container elementor-column-gap-default\">\n\t\t\t\t\t\t\t<div class=\"elementor-row\">\n\t\t\t\t\t<div class=\"elementor-column elementor-col-100 elementor-top-column elementor-element elementor-element-60ff3cc\" data-id=\"60ff3cc\" data-element_type=\"column\">\n\t\t\t<div class=\"elementor-column-wrap elementor-element-populated\">\n\t\t\t\t\t\t\t<div class=\"elementor-widget-wrap\">\n\t\t\t\t\t\t<div class=\"elementor-element elementor-element-1a008ec elementor-widget elementor-widget-text-editor\" data-id=\"1a008ec\" data-element_type=\"widget\" data-widget_type=\"text-editor.default\">\n\t\t\t\t<div class=\"elementor-widget-container\">\n\t\t\t\t\t\t\t\t<div class=\"elementor-text-editor elementor-clearfix\">\n\t\t\t\t<p>September for local people in Mallorca is not the main holiday time. Parents are back at work and the schools are open. This being said there is still a holiday atmosphere for tourists and all the bars and restaurants are open. Many people take advantage of the cooler temperatures to dine outside on the many terraces that can be found. At weekends there are still many events to be enjoyed around the island. Trip to Mallorca in September for sure will not dissapoint you with things to do.<\/p>\t\t\t\t\t<\/div>\n\t\t\t\t\t\t<\/div>\n\t\t\t\t<\/div>\n\t\t\t\t\t\t<\/div>\n\t\t\t\t\t<\/div>\n\t\t<\/div>\n\t\t\t\t\t\t\t\t<\/div>\n\t\t\t\t\t<\/div>\n\t\t<\/section>\n\t\t\t\t<section class=\"elementor-section elementor-top-section elementor-element elementor-element-b269633 elementor-section-boxed elementor-section-height-default elementor-section-height-default\" data-id=\"b269633\" data-element_type=\"section\">\n\t\t\t\t\t\t<div class=\"elementor-container elementor-column-gap-default\">\n\t\t\t\t\t\t\t<div class=\"elementor-row\">\n\t\t\t\t\t<div class=\"elementor-column elementor-col-100 elementor-top-column elementor-element elementor-element-730aa57\" data-id=\"730aa57\" data-element_type=\"column\">\n\t\t\t<div class=\"elementor-column-wrap elementor-element-populated\">\n\t\t\t\t\t\t\t<div class=\"elementor-widget-wrap\">\n\t\t\t\t\t\t<div class=\"elementor-element elementor-element-0a85659 elementor-widget elementor-widget-image\" data-id=\"0a85659\" data-element_type=\"widget\" data-widget_type=\"image.default\">\n\t\t\t\t<div class=\"elementor-widget-container\">\n\t\t\t\t\t\t\t\t<div class=\"elementor-image\">\n\t\t\t\t\t\t\t\t\t\t\t\t<img width=\"768\" height=\"576\" src=\"https:\/\/www.nofrills-excursions.com\/blog\/wp-content\/uploads\/2020\/05\/festa-vermar-binissalem-768x576.jpg\" class=\"attachment-medium_large size-medium_large\" alt=\"Fiesta in Mallorca\" srcset=\"https:\/\/www.nofrills-excursions.com\/blog\/wp-content\/uploads\/2020\/05\/festa-vermar-binissalem-768x576.jpg 768w, https:\/\/www.nofrills-excursions.com\/blog\/wp-content\/uploads\/2020\/05\/festa-vermar-binissalem-300x225.jpg 300w, https:\/\/www.nofrills-excursions.com\/blog\/wp-content\/uploads\/2020\/05\/festa-vermar-binissalem-1024x768.jpg 1024w\" sizes=\"(max-width: 768px) 100vw, 768px\" \/>\t\t\t\t\t\t\t\t\t\t\t\t\t\t<\/div>\n\t\t\t\t\t\t<\/div>\n\t\t\t\t<\/div>\n\t\t\t\t\t\t<\/div>\n\t\t\t\t\t<\/div>\n\t\t<\/div>\n\t\t\t\t\t\t\t\t<\/div>\n\t\t\t\t\t<\/div>\n\t\t<\/section>\n\t\t\t\t<section class=\"elementor-section elementor-top-section elementor-element elementor-element-75cfc14 elementor-section-boxed elementor-section-height-default elementor-section-height-default\" data-id=\"75cfc14\" data-element_type=\"section\">\n\t\t\t\t\t\t<div class=\"elementor-container elementor-column-gap-default\">\n\t\t\t\t\t\t\t<div class=\"elementor-row\">\n\t\t\t\t\t<div class=\"elementor-column elementor-col-100 elementor-top-column elementor-element elementor-element-0d07ce4\" data-id=\"0d07ce4\" data-element_type=\"column\">\n\t\t\t<div class=\"elementor-column-wrap elementor-element-populated\">\n\t\t\t\t\t\t\t<div class=\"elementor-widget-wrap\">\n\t\t\t\t\t\t<div class=\"elementor-element elementor-element-dcc40b4 elementor-widget elementor-widget-heading\" data-id=\"dcc40b4\" data-element_type=\"widget\" data-widget_type=\"heading.default\">\n\t\t\t\t<div class=\"elementor-widget-container\">\n\t\t\t<h3 class=\"elementor-heading-title elementor-size-default\"><span class=\"ez-toc-section\" id=\"The_fiestas_de_Vermar_in_Binnisalem\"><\/span>The fiestas de Vermar in Binnisalem<span class=\"ez-toc-section-end\"><\/span><\/h3>\t\t<\/div>\n\t\t\t\t<\/div>\n\t\t\t\t\t\t<\/div>\n\t\t\t\t\t<\/div>\n\t\t<\/div>\n\t\t\t\t\t\t\t\t<\/div>\n\t\t\t\t\t<\/div>\n\t\t<\/section>\n\t\t\t\t<section class=\"elementor-section elementor-top-section elementor-element elementor-element-82d923d elementor-section-boxed elementor-section-height-default elementor-section-height-default\" data-id=\"82d923d\" data-element_type=\"section\">\n\t\t\t\t\t\t<div class=\"elementor-container elementor-column-gap-default\">\n\t\t\t\t\t\t\t<div class=\"elementor-row\">\n\t\t\t\t\t<div class=\"elementor-column elementor-col-100 elementor-top-column elementor-element elementor-element-1d2a781\" data-id=\"1d2a781\" data-element_type=\"column\">\n\t\t\t<div class=\"elementor-column-wrap elementor-element-populated\">\n\t\t\t\t\t\t\t<div class=\"elementor-widget-wrap\">\n\t\t\t\t\t\t<div class=\"elementor-element elementor-element-15583f1 elementor-widget elementor-widget-text-editor\" data-id=\"15583f1\" data-element_type=\"widget\" data-widget_type=\"text-editor.default\">\n\t\t\t\t<div class=\"elementor-widget-container\">\n\t\t\t\t\t\t\t\t<div class=\"elementor-text-editor elementor-clearfix\">\n\t\t\t\t<p>Binissalem is one of Mallorca&#8217;s principal wine-producing areas. The village holds a wine fair towards the end of September. The wine fair is part of a larger Fiesta devoted to the grape harvest, known as Vermar or Sa Vermada. The fiesta straddles late Summer and the first week of Autumn. During the festivities, there are huge grape battles and grape-treading contests, in which anyone and everyone can take part. The grape used in the Fiesta is then used as an offer to Binissalem\u2019s patron, Saint James, and for a good harvest the following year. There are many local fiestas in Balearic Islands, but wine fair in Binissalem is stunning and unique experience.<\/p>\t\t\t\t\t<\/div>\n\t\t\t\t\t\t<\/div>\n\t\t\t\t<\/div>\n\t\t\t\t\t\t<\/div>\n\t\t\t\t\t<\/div>\n\t\t<\/div>\n\t\t\t\t\t\t\t\t<\/div>\n\t\t\t\t\t<\/div>\n\t\t<\/section>\n\t\t\t\t<section class=\"elementor-section elementor-top-section elementor-element elementor-element-c9eaea9 elementor-section-boxed elementor-section-height-default elementor-section-height-default\" data-id=\"c9eaea9\" data-element_type=\"section\">\n\t\t\t\t\t\t<div class=\"elementor-container elementor-column-gap-default\">\n\t\t\t\t\t\t\t<div class=\"elementor-row\">\n\t\t\t\t\t<div class=\"elementor-column elementor-col-100 elementor-top-column elementor-element elementor-element-32b8560\" data-id=\"32b8560\" data-element_type=\"column\">\n\t\t\t<div class=\"elementor-column-wrap elementor-element-populated\">\n\t\t\t\t\t\t\t<div class=\"elementor-widget-wrap\">\n\t\t\t\t\t\t<div class=\"elementor-element elementor-element-c6407c7 elementor-widget elementor-widget-image\" data-id=\"c6407c7\" data-element_type=\"widget\" data-widget_type=\"image.default\">\n\t\t\t\t<div class=\"elementor-widget-container\">\n\t\t\t\t\t\t\t\t<div class=\"elementor-image\">\n\t\t\t\t\t\t\t\t\t\t\t\t<img width=\"768\" height=\"576\" src=\"https:\/\/www.nofrills-excursions.com\/blog\/wp-content\/uploads\/2020\/05\/binissalem-fiesta-vermar-768x576.jpg\" class=\"attachment-medium_large size-medium_large\" alt=\"Locals in Binissalem during the fiesta\" srcset=\"https:\/\/www.nofrills-excursions.com\/blog\/wp-content\/uploads\/2020\/05\/binissalem-fiesta-vermar-768x576.jpg 768w, https:\/\/www.nofrills-excursions.com\/blog\/wp-content\/uploads\/2020\/05\/binissalem-fiesta-vermar-300x225.jpg 300w, https:\/\/www.nofrills-excursions.com\/blog\/wp-content\/uploads\/2020\/05\/binissalem-fiesta-vermar-1024x768.jpg 1024w\" sizes=\"(max-width: 768px) 100vw, 768px\" \/>\t\t\t\t\t\t\t\t\t\t\t\t\t\t<\/div>\n\t\t\t\t\t\t<\/div>\n\t\t\t\t<\/div>\n\t\t\t\t\t\t<\/div>\n\t\t\t\t\t<\/div>\n\t\t<\/div>\n\t\t\t\t\t\t\t\t<\/div>\n\t\t\t\t\t<\/div>\n\t\t<\/section>\n\t\t\t\t<section class=\"elementor-section elementor-top-section elementor-element elementor-element-e9b8448 elementor-section-boxed elementor-section-height-default elementor-section-height-default\" data-id=\"e9b8448\" data-element_type=\"section\">\n\t\t\t\t\t\t<div class=\"elementor-container elementor-column-gap-default\">\n\t\t\t\t\t\t\t<div class=\"elementor-row\">\n\t\t\t\t\t<div class=\"elementor-column elementor-col-100 elementor-top-column elementor-element elementor-element-cb4d197\" data-id=\"cb4d197\" data-element_type=\"column\">\n\t\t\t<div class=\"elementor-column-wrap elementor-element-populated\">\n\t\t\t\t\t\t\t<div class=\"elementor-widget-wrap\">\n\t\t\t\t\t\t<div class=\"elementor-element elementor-element-8c4c135 elementor-widget elementor-widget-text-editor\" data-id=\"8c4c135\" data-element_type=\"widget\" data-widget_type=\"text-editor.default\">\n\t\t\t\t<div class=\"elementor-widget-container\">\n\t\t\t\t\t\t\t\t<div class=\"elementor-text-editor elementor-clearfix\">\n\t\t\t\t<p>The origin of Festa de Vermar takes us back to September 1965. There was a gathering of wine enthusiasts at Can Gelabert. A year later, this private meeting started to acquire the trappings of a fiesta. This became the famous Vermar grape harvest fiesta, which is held each September in Binissalem. As well as grapes and wine, the Vermar &#8211; right from the outset &#8211; was a revival of rural traditions and customs. Central to the fiesta was the &#8216;vermadora&#8217;, the fiestas&#8217; maid of honour. The &#8216;vermador&#8217; male equivalent followed a few years later.<\/p>\t\t\t\t\t<\/div>\n\t\t\t\t\t\t<\/div>\n\t\t\t\t<\/div>\n\t\t\t\t\t\t<\/div>\n\t\t\t\t\t<\/div>\n\t\t<\/div>\n\t\t\t\t\t\t\t\t<\/div>\n\t\t\t\t\t<\/div>\n\t\t<\/section>\n\t\t\t\t<section class=\"elementor-section elementor-top-section elementor-element elementor-element-ac8aa7d elementor-section-boxed elementor-section-height-default elementor-section-height-default\" data-id=\"ac8aa7d\" data-element_type=\"section\">\n\t\t\t\t\t\t<div class=\"elementor-container elementor-column-gap-default\">\n\t\t\t\t\t\t\t<div class=\"elementor-row\">\n\t\t\t\t\t<div class=\"elementor-column elementor-col-100 elementor-top-column elementor-element elementor-element-a40e510\" data-id=\"a40e510\" data-element_type=\"column\">\n\t\t\t<div class=\"elementor-column-wrap elementor-element-populated\">\n\t\t\t\t\t\t\t<div class=\"elementor-widget-wrap\">\n\t\t\t\t\t\t<div class=\"elementor-element elementor-element-35002e7 elementor-widget elementor-widget-image\" data-id=\"35002e7\" data-element_type=\"widget\" data-widget_type=\"image.default\">\n\t\t\t\t<div class=\"elementor-widget-container\">\n\t\t\t\t\t\t\t\t<div class=\"elementor-image\">\n\t\t\t\t\t\t\t\t\t\t\t\t<img width=\"768\" height=\"576\" src=\"https:\/\/www.nofrills-excursions.com\/blog\/wp-content\/uploads\/2020\/04\/Binissalem-Mallorca-Travel-Quiz-768x576.jpg\" class=\"attachment-medium_large size-medium_large\" alt=\"Binissalem Mallorca Travel Quiz Answer\" srcset=\"https:\/\/www.nofrills-excursions.com\/blog\/wp-content\/uploads\/2020\/04\/Binissalem-Mallorca-Travel-Quiz-768x576.jpg 768w, https:\/\/www.nofrills-excursions.com\/blog\/wp-content\/uploads\/2020\/04\/Binissalem-Mallorca-Travel-Quiz-300x225.jpg 300w, https:\/\/www.nofrills-excursions.com\/blog\/wp-content\/uploads\/2020\/04\/Binissalem-Mallorca-Travel-Quiz.jpg 960w\" sizes=\"(max-width: 768px) 100vw, 768px\" \/>\t\t\t\t\t\t\t\t\t\t\t\t\t\t<\/div>\n\t\t\t\t\t\t<\/div>\n\t\t\t\t<\/div>\n\t\t\t\t\t\t<\/div>\n\t\t\t\t\t<\/div>\n\t\t<\/div>\n\t\t\t\t\t\t\t\t<\/div>\n\t\t\t\t\t<\/div>\n\t\t<\/section>\n\t\t\t\t<section class=\"elementor-section elementor-top-section elementor-element elementor-element-1013650 elementor-section-boxed elementor-section-height-default elementor-section-height-default\" data-id=\"1013650\" data-element_type=\"section\">\n\t\t\t\t\t\t<div class=\"elementor-container elementor-column-gap-default\">\n\t\t\t\t\t\t\t<div class=\"elementor-row\">\n\t\t\t\t\t<div class=\"elementor-column elementor-col-100 elementor-top-column elementor-element elementor-element-061cc64\" data-id=\"061cc64\" data-element_type=\"column\">\n\t\t\t<div class=\"elementor-column-wrap elementor-element-populated\">\n\t\t\t\t\t\t\t<div class=\"elementor-widget-wrap\">\n\t\t\t\t\t\t<div class=\"elementor-element elementor-element-b9baed5 elementor-widget elementor-widget-text-editor\" data-id=\"b9baed5\" data-element_type=\"widget\" data-widget_type=\"text-editor.default\">\n\t\t\t\t<div class=\"elementor-widget-container\">\n\t\t\t\t\t\t\t\t<div class=\"elementor-text-editor elementor-clearfix\">\n\t\t\t\t<p>A significant figure in the creation of the fiesta was one of the wine enthusiasts at the 1965 gathering &#8211; the writer, Lloren\u00e7 Moya. He is perhaps best known for two open-air performances of his works. One, on Good Friday, is &#8216;Via Crucis&#8217;, played out on the steps of Palma Cathedral. The other is on January 6 and called &#8216;L&#8217;adoraci\u00f3 dels tres reis d\u2019Orient&#8217; (The Adoration of the Three Kings), it has become an occasion for satire. Prominent politicians are roped in to play various parts. It is performed in Palma&#8217;s Ses Voltes Park.<\/p>\t\t\t\t\t<\/div>\n\t\t\t\t\t\t<\/div>\n\t\t\t\t<\/div>\n\t\t\t\t\t\t<\/div>\n\t\t\t\t\t<\/div>\n\t\t<\/div>\n\t\t\t\t\t\t\t\t<\/div>\n\t\t\t\t\t<\/div>\n\t\t<\/section>\n\t\t\t\t<section class=\"elementor-section elementor-top-section elementor-element elementor-element-d374508 elementor-section-boxed elementor-section-height-default elementor-section-height-default\" data-id=\"d374508\" data-element_type=\"section\">\n\t\t\t\t\t\t<div class=\"elementor-container elementor-column-gap-default\">\n\t\t\t\t\t\t\t<div class=\"elementor-row\">\n\t\t\t\t\t<div class=\"elementor-column elementor-col-100 elementor-top-column elementor-element elementor-element-dab139b\" data-id=\"dab139b\" data-element_type=\"column\">\n\t\t\t<div class=\"elementor-column-wrap elementor-element-populated\">\n\t\t\t\t\t\t\t<div class=\"elementor-widget-wrap\">\n\t\t\t\t\t\t<div class=\"elementor-element elementor-element-550bf6b elementor-widget elementor-widget-text-editor\" data-id=\"550bf6b\" data-element_type=\"widget\" data-widget_type=\"text-editor.default\">\n\t\t\t\t<div class=\"elementor-widget-container\">\n\t\t\t\t\t\t\t\t<div class=\"elementor-text-editor elementor-clearfix\">\n\t\t\t\t<p>If you are planning trip to Mallorca in September, be sure not to miss the visit to this wine paradise.<\/p>\t\t\t\t\t<\/div>\n\t\t\t\t\t\t<\/div>\n\t\t\t\t<\/div>\n\t\t\t\t\t\t<\/div>\n\t\t\t\t\t<\/div>\n\t\t<\/div>\n\t\t\t\t\t\t\t\t<\/div>\n\t\t\t\t\t<\/div>\n\t\t<\/section>\n\t\t\t\t<section class=\"elementor-section elementor-top-section elementor-element elementor-element-0c951bf elementor-section-boxed elementor-section-height-default elementor-section-height-default\" data-id=\"0c951bf\" data-element_type=\"section\">\n\t\t\t\t\t\t<div class=\"elementor-container elementor-column-gap-default\">\n\t\t\t\t\t\t\t<div class=\"elementor-row\">\n\t\t\t\t\t<div class=\"elementor-column elementor-col-100 elementor-top-column elementor-element elementor-element-2db6efc\" data-id=\"2db6efc\" data-element_type=\"column\">\n\t\t\t<div class=\"elementor-column-wrap elementor-element-populated\">\n\t\t\t\t\t\t\t<div class=\"elementor-widget-wrap\">\n\t\t\t\t\t\t<div class=\"elementor-element elementor-element-6f55f69 elementor-widget elementor-widget-heading\" data-id=\"6f55f69\" data-element_type=\"widget\" data-widget_type=\"heading.default\">\n\t\t\t\t<div class=\"elementor-widget-container\">\n\t\t\t<h3 class=\"elementor-heading-title elementor-size-default\"><span class=\"ez-toc-section\" id=\"La_beata_Fiesta_in_Santa_Margalida\"><\/span>La beata Fiesta in Santa Margalida<span class=\"ez-toc-section-end\"><\/span><\/h3>\t\t<\/div>\n\t\t\t\t<\/div>\n\t\t\t\t\t\t<\/div>\n\t\t\t\t\t<\/div>\n\t\t<\/div>\n\t\t\t\t\t\t\t\t<\/div>\n\t\t\t\t\t<\/div>\n\t\t<\/section>\n\t\t\t\t<section class=\"elementor-section elementor-top-section elementor-element elementor-element-05077ff elementor-section-boxed elementor-section-height-default elementor-section-height-default\" data-id=\"05077ff\" data-element_type=\"section\">\n\t\t\t\t\t\t<div class=\"elementor-container elementor-column-gap-default\">\n\t\t\t\t\t\t\t<div class=\"elementor-row\">\n\t\t\t\t\t<div class=\"elementor-column elementor-col-100 elementor-top-column elementor-element elementor-element-d3d7309\" data-id=\"d3d7309\" data-element_type=\"column\">\n\t\t\t<div class=\"elementor-column-wrap elementor-element-populated\">\n\t\t\t\t\t\t\t<div class=\"elementor-widget-wrap\">\n\t\t\t\t\t\t<div class=\"elementor-element elementor-element-be6656d elementor-widget elementor-widget-text-editor\" data-id=\"be6656d\" data-element_type=\"widget\" data-widget_type=\"text-editor.default\">\n\t\t\t\t<div class=\"elementor-widget-container\">\n\t\t\t\t\t\t\t\t<div class=\"elementor-text-editor elementor-clearfix\">\n\t\t\t\t<p>The village of Sta Margalida is located in the northeast of the Island, this small market town whilst not a tourist destination in its own right boasts links to the nearby resorts of Can Picafort and Son Serra de Marina.<\/p>\t\t\t\t\t<\/div>\n\t\t\t\t\t\t<\/div>\n\t\t\t\t<\/div>\n\t\t\t\t\t\t<\/div>\n\t\t\t\t\t<\/div>\n\t\t<\/div>\n\t\t\t\t\t\t\t\t<\/div>\n\t\t\t\t\t<\/div>\n\t\t<\/section>\n\t\t\t\t<section class=\"elementor-section elementor-top-section elementor-element elementor-element-a04e5c5 elementor-section-boxed elementor-section-height-default elementor-section-height-default\" data-id=\"a04e5c5\" data-element_type=\"section\">\n\t\t\t\t\t\t<div class=\"elementor-container elementor-column-gap-default\">\n\t\t\t\t\t\t\t<div class=\"elementor-row\">\n\t\t\t\t\t<div class=\"elementor-column elementor-col-100 elementor-top-column elementor-element elementor-element-fdc2270\" data-id=\"fdc2270\" data-element_type=\"column\">\n\t\t\t<div class=\"elementor-column-wrap elementor-element-populated\">\n\t\t\t\t\t\t\t<div class=\"elementor-widget-wrap\">\n\t\t\t\t\t\t<div class=\"elementor-element elementor-element-cf32f92 elementor-widget elementor-widget-google_maps\" data-id=\"cf32f92\" data-element_type=\"widget\" data-widget_type=\"google_maps.default\">\n\t\t\t\t<div class=\"elementor-widget-container\">\n\t\t\t\t\t<div class=\"elementor-custom-embed\">\n\t\t\t<iframe frameborder=\"0\" scrolling=\"no\" marginheight=\"0\" marginwidth=\"0\"\n\t\t\t\t\tsrc=\"https:\/\/maps.google.com\/maps?q=santa%20margarita%20mallorca&#038;t=m&#038;z=10&#038;output=embed&#038;iwloc=near\"\n\t\t\t\t\ttitle=\"santa margarita mallorca\"\n\t\t\t\t\taria-label=\"santa margarita mallorca\"\n\t\t\t><\/iframe>\n\t\t<\/div>\n\t\t\t\t<\/div>\n\t\t\t\t<\/div>\n\t\t\t\t\t\t<\/div>\n\t\t\t\t\t<\/div>\n\t\t<\/div>\n\t\t\t\t\t\t\t\t<\/div>\n\t\t\t\t\t<\/div>\n\t\t<\/section>\n\t\t\t\t<section class=\"elementor-section elementor-top-section elementor-element elementor-element-f72ed5a elementor-section-boxed elementor-section-height-default elementor-section-height-default\" data-id=\"f72ed5a\" data-element_type=\"section\">\n\t\t\t\t\t\t<div class=\"elementor-container elementor-column-gap-default\">\n\t\t\t\t\t\t\t<div class=\"elementor-row\">\n\t\t\t\t\t<div class=\"elementor-column elementor-col-100 elementor-top-column elementor-element elementor-element-1d584ee\" data-id=\"1d584ee\" data-element_type=\"column\">\n\t\t\t<div class=\"elementor-column-wrap elementor-element-populated\">\n\t\t\t\t\t\t\t<div class=\"elementor-widget-wrap\">\n\t\t\t\t\t\t<div class=\"elementor-element elementor-element-212ac59 elementor-widget elementor-widget-text-editor\" data-id=\"212ac59\" data-element_type=\"widget\" data-widget_type=\"text-editor.default\">\n\t\t\t\t<div class=\"elementor-widget-container\">\n\t\t\t\t\t\t\t\t<div class=\"elementor-text-editor elementor-clearfix\">\n\t\t\t\t<p>Unbeknownst to many a visitor are its connections to one of the Mediterraneans most infamous financiers of the last century,&nbsp; the son of a peasant Snr Joan March who amassed his fortune in the marine, property, and eventually the financial sector. Evidence of the March banking dynasty can be found in most villages of Mallorca even today.<\/p>\n<p>The celebrations that take place in the village each September are in honor of the patron Saint of the Island, St Catherine who is known locally as Catalina Thomas. Her image can be found in many houses of the island in the form of painted ceramic tiles and many other forms. The fiestas take place over several days with one of the highlights being a procession of a girl representing the youthful Catalina Tomas accompanied by children of the village in traditional dress.&nbsp;<\/p>\t\t\t\t\t<\/div>\n\t\t\t\t\t\t<\/div>\n\t\t\t\t<\/div>\n\t\t\t\t\t\t<\/div>\n\t\t\t\t\t<\/div>\n\t\t<\/div>\n\t\t\t\t\t\t\t\t<\/div>\n\t\t\t\t\t<\/div>\n\t\t<\/section>\n\t\t\t\t<section class=\"elementor-section elementor-top-section elementor-element elementor-element-f7d24d5 elementor-section-boxed elementor-section-height-default elementor-section-height-default\" data-id=\"f7d24d5\" data-element_type=\"section\">\n\t\t\t\t\t\t<div class=\"elementor-container elementor-column-gap-default\">\n\t\t\t\t\t\t\t<div class=\"elementor-row\">\n\t\t\t\t\t<div class=\"elementor-column elementor-col-100 elementor-top-column elementor-element elementor-element-65ebd81\" data-id=\"65ebd81\" data-element_type=\"column\">\n\t\t\t<div class=\"elementor-column-wrap elementor-element-populated\">\n\t\t\t\t\t\t\t<div class=\"elementor-widget-wrap\">\n\t\t\t\t\t\t<div class=\"elementor-element elementor-element-9ae56e1 elementor-widget elementor-widget-heading\" data-id=\"9ae56e1\" data-element_type=\"widget\" data-widget_type=\"heading.default\">\n\t\t\t\t<div class=\"elementor-widget-container\">\n\t\t\t<h2 class=\"elementor-heading-title elementor-size-default\"><span class=\"ez-toc-section\" id=\"What_to_See_and_Do_in_Mallorca_in_September\"><\/span>What to See and Do in Mallorca in September<span class=\"ez-toc-section-end\"><\/span><\/h2>\t\t<\/div>\n\t\t\t\t<\/div>\n\t\t\t\t\t\t<\/div>\n\t\t\t\t\t<\/div>\n\t\t<\/div>\n\t\t\t\t\t\t\t\t<\/div>\n\t\t\t\t\t<\/div>\n\t\t<\/section>\n\t\t\t\t<section class=\"elementor-section elementor-top-section elementor-element elementor-element-6729f70 elementor-section-boxed elementor-section-height-default elementor-section-height-default\" data-id=\"6729f70\" data-element_type=\"section\">\n\t\t\t\t\t\t<div class=\"elementor-container elementor-column-gap-default\">\n\t\t\t\t\t\t\t<div class=\"elementor-row\">\n\t\t\t\t\t<div class=\"elementor-column elementor-col-100 elementor-top-column elementor-element elementor-element-8d33d7c\" data-id=\"8d33d7c\" data-element_type=\"column\">\n\t\t\t<div class=\"elementor-column-wrap elementor-element-populated\">\n\t\t\t\t\t\t\t<div class=\"elementor-widget-wrap\">\n\t\t\t\t\t\t<div class=\"elementor-element elementor-element-1ee603e elementor-widget elementor-widget-text-editor\" data-id=\"1ee603e\" data-element_type=\"widget\" data-widget_type=\"text-editor.default\">\n\t\t\t\t<div class=\"elementor-widget-container\">\n\t\t\t\t\t\t\t\t<div class=\"elementor-text-editor elementor-clearfix\">\n\t\t\t\t<p>With over 14 hours of sunlight, there are many things to see and do in Majorca in September. Every tourist attraction is open and it is advisable to book your visits and plan in advance. As weather in Mallorca is still nice and shiny you can enjoy scuba diving, have fun in beach clubs or go for a boat trips and see beautiful coast of the biggest one of the Balearic Islands. For those tired of sun, we recommend a visit to Palma Aquarium, which is ideal place to spend a nice family day out in Palma de Mallorca.<\/p>\t\t\t\t\t<\/div>\n\t\t\t\t\t\t<\/div>\n\t\t\t\t<\/div>\n\t\t\t\t\t\t<\/div>\n\t\t\t\t\t<\/div>\n\t\t<\/div>\n\t\t\t\t\t\t\t\t<\/div>\n\t\t\t\t\t<\/div>\n\t\t<\/section>\n\t\t\t\t<section class=\"elementor-section elementor-top-section elementor-element elementor-element-9d8eb90 elementor-section-boxed elementor-section-height-default elementor-section-height-default\" data-id=\"9d8eb90\" data-element_type=\"section\">\n\t\t\t\t\t\t<div class=\"elementor-container elementor-column-gap-default\">\n\t\t\t\t\t\t\t<div class=\"elementor-row\">\n\t\t\t\t\t<div class=\"elementor-column elementor-col-100 elementor-top-column elementor-element elementor-element-4791d4d\" data-id=\"4791d4d\" data-element_type=\"column\">\n\t\t\t<div class=\"elementor-column-wrap elementor-element-populated\">\n\t\t\t\t\t\t\t<div class=\"elementor-widget-wrap\">\n\t\t\t\t\t\t<div class=\"elementor-element elementor-element-f7fb1e5 elementor-widget elementor-widget-heading\" data-id=\"f7fb1e5\" data-element_type=\"widget\" data-widget_type=\"heading.default\">\n\t\t\t\t<div class=\"elementor-widget-container\">\n\t\t\t<h3 class=\"elementor-heading-title elementor-size-default\"><span class=\"ez-toc-section\" id=\"Tourist_attractions\"><\/span>Tourist attractions<span class=\"ez-toc-section-end\"><\/span><\/h3>\t\t<\/div>\n\t\t\t\t<\/div>\n\t\t\t\t\t\t<\/div>\n\t\t\t\t\t<\/div>\n\t\t<\/div>\n\t\t\t\t\t\t\t\t<\/div>\n\t\t\t\t\t<\/div>\n\t\t<\/section>\n\t\t\t\t<section class=\"elementor-section elementor-top-section elementor-element elementor-element-e41385f elementor-section-boxed elementor-section-height-default elementor-section-height-default\" data-id=\"e41385f\" data-element_type=\"section\">\n\t\t\t\t\t\t<div class=\"elementor-container elementor-column-gap-default\">\n\t\t\t\t\t\t\t<div class=\"elementor-row\">\n\t\t\t\t\t<div class=\"elementor-column elementor-col-100 elementor-top-column elementor-element elementor-element-eb24049\" data-id=\"eb24049\" data-element_type=\"column\">\n\t\t\t<div class=\"elementor-column-wrap elementor-element-populated\">\n\t\t\t\t\t\t\t<div class=\"elementor-widget-wrap\">\n\t\t\t\t\t\t<div class=\"elementor-element elementor-element-1f764e2 elementor-widget elementor-widget-text-editor\" data-id=\"1f764e2\" data-element_type=\"widget\" data-widget_type=\"text-editor.default\">\n\t\t\t\t<div class=\"elementor-widget-container\">\n\t\t\t\t\t\t\t\t<div class=\"elementor-text-editor elementor-clearfix\">\n\t\t\t\t<p>A common question is what is there to do with our family in the month of September? In September in Mallorca, everything is open and busy. Visitors who come from northern Europe want to spend their time outdoors and still enjoy the sunshine. There is also plenty of activities still open as horse riding, <a href=\"https:\/\/www.nofrills-excursions.com\/excursions\/wakeboard-activity-in-mallorca\/\" target=\"_blank\" rel=\"noopener\">wakeboard activity<\/a> and many more, because the sea temperatures still alows to enjoy most of the water sports.&nbsp;<\/p>\t\t\t\t\t<\/div>\n\t\t\t\t\t\t<\/div>\n\t\t\t\t<\/div>\n\t\t\t\t\t\t<\/div>\n\t\t\t\t\t<\/div>\n\t\t<\/div>\n\t\t\t\t\t\t\t\t<\/div>\n\t\t\t\t\t<\/div>\n\t\t<\/section>\n\t\t\t\t<section class=\"elementor-section elementor-top-section elementor-element elementor-element-a416de0 elementor-section-boxed elementor-section-height-default elementor-section-height-default\" data-id=\"a416de0\" data-element_type=\"section\">\n\t\t\t\t\t\t<div class=\"elementor-container elementor-column-gap-default\">\n\t\t\t\t\t\t\t<div class=\"elementor-row\">\n\t\t\t\t\t<div class=\"elementor-column elementor-col-100 elementor-top-column elementor-element elementor-element-69bcaa7\" data-id=\"69bcaa7\" data-element_type=\"column\">\n\t\t\t<div class=\"elementor-column-wrap elementor-element-populated\">\n\t\t\t\t\t\t\t<div class=\"elementor-widget-wrap\">\n\t\t\t\t\t\t<div class=\"elementor-element elementor-element-d5b99e3 elementor-widget elementor-widget-image\" data-id=\"d5b99e3\" data-element_type=\"widget\" data-widget_type=\"image.default\">\n\t\t\t\t<div class=\"elementor-widget-container\">\n\t\t\t\t\t\t\t\t<div class=\"elementor-image\">\n\t\t\t\t\t\t\t\t\t\t\t\t\t<a href=\"https:\/\/www.nofrills-excursions.com\/excursions\/wakeboard-activity-in-mallorca\/\" target=\"_blank\">\n\t\t\t\t\t\t\t<img width=\"768\" height=\"512\" src=\"https:\/\/www.nofrills-excursions.com\/blog\/wp-content\/uploads\/2020\/05\/wakeboard-in-mallorca-768x512.jpg\" class=\"attachment-medium_large size-medium_large\" alt=\"Wakeboard activity in Mallorca, Alcudia\" srcset=\"https:\/\/www.nofrills-excursions.com\/blog\/wp-content\/uploads\/2020\/05\/wakeboard-in-mallorca-768x512.jpg 768w, https:\/\/www.nofrills-excursions.com\/blog\/wp-content\/uploads\/2020\/05\/wakeboard-in-mallorca-300x200.jpg 300w, https:\/\/www.nofrills-excursions.com\/blog\/wp-content\/uploads\/2020\/05\/wakeboard-in-mallorca-1024x682.jpg 1024w, https:\/\/www.nofrills-excursions.com\/blog\/wp-content\/uploads\/2020\/05\/wakeboard-in-mallorca.jpg 1280w\" sizes=\"(max-width: 768px) 100vw, 768px\" \/>\t\t\t\t\t\t\t\t<\/a>\n\t\t\t\t\t\t\t\t\t\t\t\t\t\t<\/div>\n\t\t\t\t\t\t<\/div>\n\t\t\t\t<\/div>\n\t\t\t\t\t\t<\/div>\n\t\t\t\t\t<\/div>\n\t\t<\/div>\n\t\t\t\t\t\t\t\t<\/div>\n\t\t\t\t\t<\/div>\n\t\t<\/section>\n\t\t\t\t<section class=\"elementor-section elementor-top-section elementor-element elementor-element-4d079c1 elementor-section-boxed elementor-section-height-default elementor-section-height-default\" data-id=\"4d079c1\" data-element_type=\"section\">\n\t\t\t\t\t\t<div class=\"elementor-container elementor-column-gap-default\">\n\t\t\t\t\t\t\t<div class=\"elementor-row\">\n\t\t\t\t\t<div class=\"elementor-column elementor-col-100 elementor-top-column elementor-element elementor-element-d4680e3\" data-id=\"d4680e3\" data-element_type=\"column\">\n\t\t\t<div class=\"elementor-column-wrap elementor-element-populated\">\n\t\t\t\t\t\t\t<div class=\"elementor-widget-wrap\">\n\t\t\t\t\t\t<div class=\"elementor-element elementor-element-a7397a7 elementor-widget elementor-widget-heading\" data-id=\"a7397a7\" data-element_type=\"widget\" data-widget_type=\"heading.default\">\n\t\t\t\t<div class=\"elementor-widget-container\">\n\t\t\t<h3 class=\"elementor-heading-title elementor-size-default\"><span class=\"ez-toc-section\" id=\"Horse_riding_in_Alcudia\"><\/span>Horse riding in Alcudia<span class=\"ez-toc-section-end\"><\/span><\/h3>\t\t<\/div>\n\t\t\t\t<\/div>\n\t\t\t\t\t\t<\/div>\n\t\t\t\t\t<\/div>\n\t\t<\/div>\n\t\t\t\t\t\t\t\t<\/div>\n\t\t\t\t\t<\/div>\n\t\t<\/section>\n\t\t\t\t<section class=\"elementor-section elementor-top-section elementor-element elementor-element-74a0d72 elementor-section-boxed elementor-section-height-default elementor-section-height-default\" data-id=\"74a0d72\" data-element_type=\"section\">\n\t\t\t\t\t\t<div class=\"elementor-container elementor-column-gap-default\">\n\t\t\t\t\t\t\t<div class=\"elementor-row\">\n\t\t\t\t\t<div class=\"elementor-column elementor-col-100 elementor-top-column elementor-element elementor-element-61bfb17\" data-id=\"61bfb17\" data-element_type=\"column\">\n\t\t\t<div class=\"elementor-column-wrap elementor-element-populated\">\n\t\t\t\t\t\t\t<div class=\"elementor-widget-wrap\">\n\t\t\t\t\t\t<div class=\"elementor-element elementor-element-bd38015 elementor-widget elementor-widget-text-editor\" data-id=\"bd38015\" data-element_type=\"widget\" data-widget_type=\"text-editor.default\">\n\t\t\t\t<div class=\"elementor-widget-container\">\n\t\t\t\t\t\t\t\t<div class=\"elementor-text-editor elementor-clearfix\">\n\t\t\t\t<p>In these days of social distancing, there is no better way to get off the beaten track than a morning or afternoon discovering the Mallorcan countryside on horseback. The fresh mountain\/beach air is just the tonic that is needed these days. There are many options of <a href=\"https:\/\/www.nofrills-excursions.com\/excursions\/\" target=\"_blank\" rel=\"noopener\">horse riding excursions<\/a> to suit the complete novice right up to the seasoned cowboy or cowgirl among us. You can spend several sunshine hours on the excursion with local experts and get to know more about Mallorca and Balearic Islands overall.<\/p>\t\t\t\t\t<\/div>\n\t\t\t\t\t\t<\/div>\n\t\t\t\t<\/div>\n\t\t\t\t\t\t<\/div>\n\t\t\t\t\t<\/div>\n\t\t<\/div>\n\t\t\t\t\t\t\t\t<\/div>\n\t\t\t\t\t<\/div>\n\t\t<\/section>\n\t\t\t\t<section class=\"elementor-section elementor-top-section elementor-element elementor-element-2c64cde elementor-section-boxed elementor-section-height-default elementor-section-height-default\" data-id=\"2c64cde\" data-element_type=\"section\">\n\t\t\t\t\t\t<div class=\"elementor-container elementor-column-gap-default\">\n\t\t\t\t\t\t\t<div class=\"elementor-row\">\n\t\t\t\t\t<div class=\"elementor-column elementor-col-100 elementor-top-column elementor-element elementor-element-c68426a\" data-id=\"c68426a\" data-element_type=\"column\">\n\t\t\t<div class=\"elementor-column-wrap elementor-element-populated\">\n\t\t\t\t\t\t\t<div class=\"elementor-widget-wrap\">\n\t\t\t\t\t\t<div class=\"elementor-element elementor-element-fc48e82 elementor-widget elementor-widget-image\" data-id=\"fc48e82\" data-element_type=\"widget\" data-widget_type=\"image.default\">\n\t\t\t\t<div class=\"elementor-widget-container\">\n\t\t\t\t\t\t\t\t<div class=\"elementor-image\">\n\t\t\t\t\t\t\t\t\t\t\t\t\t<a href=\"https:\/\/www.nofrills-excursions.com\/excursions\/\" target=\"_blank\">\n\t\t\t\t\t\t\t<img width=\"768\" height=\"576\" src=\"https:\/\/www.nofrills-excursions.com\/blog\/wp-content\/uploads\/2020\/01\/ride-1662463_1280-768x576.jpg\" class=\"attachment-medium_large size-medium_large\" alt=\"Horse Riding at the beach\" srcset=\"https:\/\/www.nofrills-excursions.com\/blog\/wp-content\/uploads\/2020\/01\/ride-1662463_1280-768x576.jpg 768w, https:\/\/www.nofrills-excursions.com\/blog\/wp-content\/uploads\/2020\/01\/ride-1662463_1280-300x225.jpg 300w, https:\/\/www.nofrills-excursions.com\/blog\/wp-content\/uploads\/2020\/01\/ride-1662463_1280-1024x768.jpg 1024w, https:\/\/www.nofrills-excursions.com\/blog\/wp-content\/uploads\/2020\/01\/ride-1662463_1280.jpg 1280w\" sizes=\"(max-width: 768px) 100vw, 768px\" \/>\t\t\t\t\t\t\t\t<\/a>\n\t\t\t\t\t\t\t\t\t\t\t\t\t\t<\/div>\n\t\t\t\t\t\t<\/div>\n\t\t\t\t<\/div>\n\t\t\t\t\t\t<\/div>\n\t\t\t\t\t<\/div>\n\t\t<\/div>\n\t\t\t\t\t\t\t\t<\/div>\n\t\t\t\t\t<\/div>\n\t\t<\/section>\n\t\t\t\t<section class=\"elementor-section elementor-top-section elementor-element elementor-element-7d2f802 elementor-section-boxed elementor-section-height-default elementor-section-height-default\" data-id=\"7d2f802\" data-element_type=\"section\">\n\t\t\t\t\t\t<div class=\"elementor-container elementor-column-gap-default\">\n\t\t\t\t\t\t\t<div class=\"elementor-row\">\n\t\t\t\t\t<div class=\"elementor-column elementor-col-100 elementor-top-column elementor-element elementor-element-cf71c99\" data-id=\"cf71c99\" data-element_type=\"column\">\n\t\t\t<div class=\"elementor-column-wrap elementor-element-populated\">\n\t\t\t\t\t\t\t<div class=\"elementor-widget-wrap\">\n\t\t\t\t\t\t<div class=\"elementor-element elementor-element-9154de4 elementor-widget elementor-widget-heading\" data-id=\"9154de4\" data-element_type=\"widget\" data-widget_type=\"heading.default\">\n\t\t\t\t<div class=\"elementor-widget-container\">\n\t\t\t<h3 class=\"elementor-heading-title elementor-size-default\"><span class=\"ez-toc-section\" id=\"Beaches_and_walking\"><\/span>Beaches and walking<span class=\"ez-toc-section-end\"><\/span><\/h3>\t\t<\/div>\n\t\t\t\t<\/div>\n\t\t\t\t\t\t<\/div>\n\t\t\t\t\t<\/div>\n\t\t<\/div>\n\t\t\t\t\t\t\t\t<\/div>\n\t\t\t\t\t<\/div>\n\t\t<\/section>\n\t\t\t\t<section class=\"elementor-section elementor-top-section elementor-element elementor-element-63bad07 elementor-section-boxed elementor-section-height-default elementor-section-height-default\" data-id=\"63bad07\" data-element_type=\"section\">\n\t\t\t\t\t\t<div class=\"elementor-container elementor-column-gap-default\">\n\t\t\t\t\t\t\t<div class=\"elementor-row\">\n\t\t\t\t\t<div class=\"elementor-column elementor-col-100 elementor-top-column elementor-element elementor-element-3e4e5f9\" data-id=\"3e4e5f9\" data-element_type=\"column\">\n\t\t\t<div class=\"elementor-column-wrap elementor-element-populated\">\n\t\t\t\t\t\t\t<div class=\"elementor-widget-wrap\">\n\t\t\t\t\t\t<div class=\"elementor-element elementor-element-f04a6f5 elementor-widget elementor-widget-text-editor\" data-id=\"f04a6f5\" data-element_type=\"widget\" data-widget_type=\"text-editor.default\">\n\t\t\t\t<div class=\"elementor-widget-container\">\n\t\t\t\t\t\t\t\t<div class=\"elementor-text-editor elementor-clearfix\">\n\t\t\t\t<p>The weather in Majorca in September can bring great opportunities for sunbathing, sports activities or walking and hiking. Whilst the really hot days of summer have passed Mallorca is still blessed with fabulous sunny weather. If you are planning to visit Mallorca and stay in the north, you can not miss the opportunity of making one of the walks we recommend below. As weather in Mallorca can surprise you a little in September, please take your jacket with you.<\/p>\t\t\t\t\t<\/div>\n\t\t\t\t\t\t<\/div>\n\t\t\t\t<\/div>\n\t\t\t\t\t\t<\/div>\n\t\t\t\t\t<\/div>\n\t\t<\/div>\n\t\t\t\t\t\t\t\t<\/div>\n\t\t\t\t\t<\/div>\n\t\t<\/section>\n\t\t\t\t<section class=\"elementor-section elementor-top-section elementor-element elementor-element-67e0a5c elementor-section-boxed elementor-section-height-default elementor-section-height-default\" data-id=\"67e0a5c\" data-element_type=\"section\">\n\t\t\t\t\t\t<div class=\"elementor-container elementor-column-gap-default\">\n\t\t\t\t\t\t\t<div class=\"elementor-row\">\n\t\t\t\t\t<div class=\"elementor-column elementor-col-100 elementor-top-column elementor-element elementor-element-276cb28\" data-id=\"276cb28\" data-element_type=\"column\">\n\t\t\t<div class=\"elementor-column-wrap elementor-element-populated\">\n\t\t\t\t\t\t\t<div class=\"elementor-widget-wrap\">\n\t\t\t\t\t\t<div class=\"elementor-element elementor-element-2f29f2d elementor-position-left elementor-widget__width-initial elementor-vertical-align-top elementor-widget elementor-widget-image-box\" data-id=\"2f29f2d\" data-element_type=\"widget\" data-widget_type=\"image-box.default\">\n\t\t\t\t<div class=\"elementor-widget-container\">\n\t\t\t<div class=\"elementor-image-box-wrapper\"><figure class=\"elementor-image-box-img\"><a href=\"https:\/\/www.nofrills-excursions.com\/blog\/the-best-beaches-in-mallorca\/\" target=\"_blank\"><img width=\"160\" height=\"160\" src=\"https:\/\/www.nofrills-excursions.com\/blog\/wp-content\/uploads\/2020\/03\/Es-Trenc-Mallorca-Beach-160x160.jpeg\" class=\"attachment-thumb-small size-thumb-small\" alt=\"One of the best beaches in Mallorca Es Trenc\" \/><\/a><\/figure><div class=\"elementor-image-box-content\"><h4 class=\"elementor-image-box-title\"><a href=\"https:\/\/www.nofrills-excursions.com\/blog\/the-best-beaches-in-mallorca\/\" target=\"_blank\">The  best beaches in Mallorca<\/a><\/h4><p class=\"elementor-image-box-description\">Check our local experts recommendations of the best beaches in Mallorca to visit in September... and not only... \ud83d\ude09<\/p><\/div><\/div>\t\t<\/div>\n\t\t\t\t<\/div>\n\t\t\t\t\t\t<\/div>\n\t\t\t\t\t<\/div>\n\t\t<\/div>\n\t\t\t\t\t\t\t\t<\/div>\n\t\t\t\t\t<\/div>\n\t\t<\/section>\n\t\t\t\t<section class=\"elementor-section elementor-top-section elementor-element elementor-element-5081a97 elementor-section-boxed elementor-section-height-default elementor-section-height-default\" data-id=\"5081a97\" data-element_type=\"section\">\n\t\t\t\t\t\t<div class=\"elementor-container elementor-column-gap-default\">\n\t\t\t\t\t\t\t<div class=\"elementor-row\">\n\t\t\t\t\t<div class=\"elementor-column elementor-col-100 elementor-top-column elementor-element elementor-element-9b7d322\" data-id=\"9b7d322\" data-element_type=\"column\">\n\t\t\t<div class=\"elementor-column-wrap elementor-element-populated\">\n\t\t\t\t\t\t\t<div class=\"elementor-widget-wrap\">\n\t\t\t\t\t\t<div class=\"elementor-element elementor-element-73dadb7 elementor-widget elementor-widget-heading\" data-id=\"73dadb7\" data-element_type=\"widget\" data-widget_type=\"heading.default\">\n\t\t\t\t<div class=\"elementor-widget-container\">\n\t\t\t<h3 class=\"elementor-heading-title elementor-size-default\"><span class=\"ez-toc-section\" id=\"Recommended_walks\"><\/span>Recommended walks<span class=\"ez-toc-section-end\"><\/span><\/h3>\t\t<\/div>\n\t\t\t\t<\/div>\n\t\t\t\t\t\t<\/div>\n\t\t\t\t\t<\/div>\n\t\t<\/div>\n\t\t\t\t\t\t\t\t<\/div>\n\t\t\t\t\t<\/div>\n\t\t<\/section>\n\t\t\t\t<section class=\"elementor-section elementor-top-section elementor-element elementor-element-2b30b6e elementor-section-boxed elementor-section-height-default elementor-section-height-default\" data-id=\"2b30b6e\" data-element_type=\"section\">\n\t\t\t\t\t\t<div class=\"elementor-container elementor-column-gap-default\">\n\t\t\t\t\t\t\t<div class=\"elementor-row\">\n\t\t\t\t\t<div class=\"elementor-column elementor-col-100 elementor-top-column elementor-element elementor-element-2d3095e\" data-id=\"2d3095e\" data-element_type=\"column\">\n\t\t\t<div class=\"elementor-column-wrap elementor-element-populated\">\n\t\t\t\t\t\t\t<div class=\"elementor-widget-wrap\">\n\t\t\t\t\t\t<div class=\"elementor-element elementor-element-631d24c elementor-widget elementor-widget-text-editor\" data-id=\"631d24c\" data-element_type=\"widget\" data-widget_type=\"text-editor.default\">\n\t\t\t\t<div class=\"elementor-widget-container\">\n\t\t\t\t\t\t\t\t<div class=\"elementor-text-editor elementor-clearfix\">\n\t\t\t\t<ul><li>From the town of Pollensa, it is possible to walk to the Summit of the Puig de Mar\u00eda, where you can enjoy uninterrupted views over the bay of Alcudia and the town of Pollensa. In summertime, a cold sangria can be enjoyed don the terrace there depending on the opening hours.\u00a0<\/li><\/ul>\t\t\t\t\t<\/div>\n\t\t\t\t\t\t<\/div>\n\t\t\t\t<\/div>\n\t\t\t\t\t\t<\/div>\n\t\t\t\t\t<\/div>\n\t\t<\/div>\n\t\t\t\t\t\t\t\t<\/div>\n\t\t\t\t\t<\/div>\n\t\t<\/section>\n\t\t\t\t<section class=\"elementor-section elementor-top-section elementor-element elementor-element-2d19b42 elementor-section-boxed elementor-section-height-default elementor-section-height-default\" data-id=\"2d19b42\" data-element_type=\"section\">\n\t\t\t\t\t\t<div class=\"elementor-container elementor-column-gap-default\">\n\t\t\t\t\t\t\t<div class=\"elementor-row\">\n\t\t\t\t\t<div class=\"elementor-column elementor-col-100 elementor-top-column elementor-element elementor-element-b12956b\" data-id=\"b12956b\" data-element_type=\"column\">\n\t\t\t<div class=\"elementor-column-wrap elementor-element-populated\">\n\t\t\t\t\t\t\t<div class=\"elementor-widget-wrap\">\n\t\t\t\t\t\t<div class=\"elementor-element elementor-element-86e0523 elementor-widget elementor-widget-text-editor\" data-id=\"86e0523\" data-element_type=\"widget\" data-widget_type=\"text-editor.default\">\n\t\t\t\t<div class=\"elementor-widget-container\">\n\t\t\t\t\t\t\t\t<div class=\"elementor-text-editor elementor-clearfix\">\n\t\t\t\t<ul><li>Walking from the old town towards the viewpoint of la Victoria can be a great way to spend the morning. A stop can be made at either of two small calas St Joan or st Pere and there are also several other places to find shade or have a cooling dip in the sea. For those more adventurous you can attempt the Summit of La Victoria. It is recommended to bring water and be prepared for an energetic climb.<\/li><\/ul>\t\t\t\t\t<\/div>\n\t\t\t\t\t\t<\/div>\n\t\t\t\t<\/div>\n\t\t\t\t\t\t<\/div>\n\t\t\t\t\t<\/div>\n\t\t<\/div>\n\t\t\t\t\t\t\t\t<\/div>\n\t\t\t\t\t<\/div>\n\t\t<\/section>\n\t\t\t\t<section class=\"elementor-section elementor-top-section elementor-element elementor-element-6295845 elementor-section-boxed elementor-section-height-default elementor-section-height-default\" data-id=\"6295845\" data-element_type=\"section\">\n\t\t\t\t\t\t<div class=\"elementor-container elementor-column-gap-default\">\n\t\t\t\t\t\t\t<div class=\"elementor-row\">\n\t\t\t\t\t<div class=\"elementor-column elementor-col-100 elementor-top-column elementor-element elementor-element-ce2b159\" data-id=\"ce2b159\" data-element_type=\"column\">\n\t\t\t<div class=\"elementor-column-wrap elementor-element-populated\">\n\t\t\t\t\t\t\t<div class=\"elementor-widget-wrap\">\n\t\t\t\t\t\t<div class=\"elementor-element elementor-element-a881e80 elementor-widget elementor-widget-text-editor\" data-id=\"a881e80\" data-element_type=\"widget\" data-widget_type=\"text-editor.default\">\n\t\t\t\t<div class=\"elementor-widget-container\">\n\t\t\t\t\t\t\t\t<div class=\"elementor-text-editor elementor-clearfix\">\n\t\t\t\t<ul><li>For those more adventurous who like to disconnect completely from urbanization there is a walk from the village of Pollenca to the Sanctuary of Lluc, although this is a full day undertaking. Leaving the village take the road Ma-10 towards Lluc, passing Km 5 you will find a bus stop and it&#8217;s here you take a left turn. The walk to Lluc is approximately 12 kilometers and is quite an easy hike and for all abilities including children.<\/li><\/ul>\t\t\t\t\t<\/div>\n\t\t\t\t\t\t<\/div>\n\t\t\t\t<\/div>\n\t\t\t\t\t\t<\/div>\n\t\t\t\t\t<\/div>\n\t\t<\/div>\n\t\t\t\t\t\t\t\t<\/div>\n\t\t\t\t\t<\/div>\n\t\t<\/section>\n\t\t\t\t<section class=\"elementor-section elementor-top-section elementor-element elementor-element-6ef5b8b elementor-section-boxed elementor-section-height-default elementor-section-height-default\" data-id=\"6ef5b8b\" data-element_type=\"section\">\n\t\t\t\t\t\t<div class=\"elementor-container elementor-column-gap-default\">\n\t\t\t\t\t\t\t<div class=\"elementor-row\">\n\t\t\t\t\t<div class=\"elementor-column elementor-col-100 elementor-top-column elementor-element elementor-element-494c554\" data-id=\"494c554\" data-element_type=\"column\">\n\t\t\t<div class=\"elementor-column-wrap elementor-element-populated\">\n\t\t\t\t\t\t\t<div class=\"elementor-widget-wrap\">\n\t\t\t\t\t\t<div class=\"elementor-element elementor-element-b329d72 elementor-widget elementor-widget-image\" data-id=\"b329d72\" data-element_type=\"widget\" data-widget_type=\"image.default\">\n\t\t\t\t<div class=\"elementor-widget-container\">\n\t\t\t\t\t\t\t\t<div class=\"elementor-image\">\n\t\t\t\t\t\t\t\t\t\t\t\t<img width=\"768\" height=\"512\" src=\"https:\/\/www.nofrills-excursions.com\/blog\/wp-content\/uploads\/2020\/05\/hiking-mallorca-768x512.jpg\" class=\"attachment-medium_large size-medium_large\" alt=\"Hiking trial on Mallorca\" srcset=\"https:\/\/www.nofrills-excursions.com\/blog\/wp-content\/uploads\/2020\/05\/hiking-mallorca-768x512.jpg 768w, https:\/\/www.nofrills-excursions.com\/blog\/wp-content\/uploads\/2020\/05\/hiking-mallorca-300x200.jpg 300w, https:\/\/www.nofrills-excursions.com\/blog\/wp-content\/uploads\/2020\/05\/hiking-mallorca-1024x682.jpg 1024w, https:\/\/www.nofrills-excursions.com\/blog\/wp-content\/uploads\/2020\/05\/hiking-mallorca.jpg 1280w\" sizes=\"(max-width: 768px) 100vw, 768px\" \/>\t\t\t\t\t\t\t\t\t\t\t\t\t\t<\/div>\n\t\t\t\t\t\t<\/div>\n\t\t\t\t<\/div>\n\t\t\t\t\t\t<\/div>\n\t\t\t\t\t<\/div>\n\t\t<\/div>\n\t\t\t\t\t\t\t\t<\/div>\n\t\t\t\t\t<\/div>\n\t\t<\/section>\n\t\t\t\t<section class=\"elementor-section elementor-top-section elementor-element elementor-element-8411e5d elementor-section-boxed elementor-section-height-default elementor-section-height-default\" data-id=\"8411e5d\" data-element_type=\"section\">\n\t\t\t\t\t\t<div class=\"elementor-container elementor-column-gap-default\">\n\t\t\t\t\t\t\t<div class=\"elementor-row\">\n\t\t\t\t\t<div class=\"elementor-column elementor-col-100 elementor-top-column elementor-element elementor-element-7c10909\" data-id=\"7c10909\" data-element_type=\"column\">\n\t\t\t<div class=\"elementor-column-wrap elementor-element-populated\">\n\t\t\t\t\t\t\t<div class=\"elementor-widget-wrap\">\n\t\t\t\t\t\t<div class=\"elementor-element elementor-element-3388699 elementor-widget elementor-widget-heading\" data-id=\"3388699\" data-element_type=\"widget\" data-widget_type=\"heading.default\">\n\t\t\t\t<div class=\"elementor-widget-container\">\n\t\t\t<h3 class=\"elementor-heading-title elementor-size-default\">Visit the literary museum in Binissalem - Casa Lloren\u00e7 Villalonga<\/h3>\t\t<\/div>\n\t\t\t\t<\/div>\n\t\t\t\t\t\t<\/div>\n\t\t\t\t\t<\/div>\n\t\t<\/div>\n\t\t\t\t\t\t\t\t<\/div>\n\t\t\t\t\t<\/div>\n\t\t<\/section>\n\t\t\t\t<section class=\"elementor-section elementor-top-section elementor-element elementor-element-5092cdd elementor-section-boxed elementor-section-height-default elementor-section-height-default\" data-id=\"5092cdd\" data-element_type=\"section\">\n\t\t\t\t\t\t<div class=\"elementor-container elementor-column-gap-default\">\n\t\t\t\t\t\t\t<div class=\"elementor-row\">\n\t\t\t\t\t<div class=\"elementor-column elementor-col-100 elementor-top-column elementor-element elementor-element-6c72612\" data-id=\"6c72612\" data-element_type=\"column\">\n\t\t\t<div class=\"elementor-column-wrap elementor-element-populated\">\n\t\t\t\t\t\t\t<div class=\"elementor-widget-wrap\">\n\t\t\t\t\t\t<div class=\"elementor-element elementor-element-49969ae elementor-widget elementor-widget-text-editor\" data-id=\"49969ae\" data-element_type=\"widget\" data-widget_type=\"text-editor.default\">\n\t\t\t\t<div class=\"elementor-widget-container\">\n\t\t\t\t\t\t\t\t<div class=\"elementor-text-editor elementor-clearfix\">\n\t\t\t\t<p>Binissalem has long been famous for its rich wine-making tradition. But it was also home to one of the island\u2019s most important literary figures Lloren\u00e7 Villalonga.<\/p>\t\t\t\t\t<\/div>\n\t\t\t\t\t\t<\/div>\n\t\t\t\t<\/div>\n\t\t\t\t\t\t<\/div>\n\t\t\t\t\t<\/div>\n\t\t<\/div>\n\t\t\t\t\t\t\t\t<\/div>\n\t\t\t\t\t<\/div>\n\t\t<\/section>\n\t\t\t\t<section class=\"elementor-section elementor-top-section elementor-element elementor-element-5d35659 elementor-section-boxed elementor-section-height-default elementor-section-height-default\" data-id=\"5d35659\" data-element_type=\"section\">\n\t\t\t\t\t\t<div class=\"elementor-container elementor-column-gap-default\">\n\t\t\t\t\t\t\t<div class=\"elementor-row\">\n\t\t\t\t\t<div class=\"elementor-column elementor-col-100 elementor-top-column elementor-element elementor-element-37f7d58\" data-id=\"37f7d58\" data-element_type=\"column\">\n\t\t\t<div class=\"elementor-column-wrap elementor-element-populated\">\n\t\t\t\t\t\t\t<div class=\"elementor-widget-wrap\">\n\t\t\t\t\t\t<div class=\"elementor-element elementor-element-d92d156 elementor-widget elementor-widget-heading\" data-id=\"d92d156\" data-element_type=\"widget\" data-widget_type=\"heading.default\">\n\t\t\t\t<div class=\"elementor-widget-container\">\n\t\t\t<h4 class=\"elementor-heading-title elementor-size-default\">Casa Lloren\u00e7 Villalonga<\/h4>\t\t<\/div>\n\t\t\t\t<\/div>\n\t\t\t\t\t\t<\/div>\n\t\t\t\t\t<\/div>\n\t\t<\/div>\n\t\t\t\t\t\t\t\t<\/div>\n\t\t\t\t\t<\/div>\n\t\t<\/section>\n\t\t\t\t<section class=\"elementor-section elementor-top-section elementor-element elementor-element-935376a elementor-section-boxed elementor-section-height-default elementor-section-height-default\" data-id=\"935376a\" data-element_type=\"section\">\n\t\t\t\t\t\t<div class=\"elementor-container elementor-column-gap-default\">\n\t\t\t\t\t\t\t<div class=\"elementor-row\">\n\t\t\t\t\t<div class=\"elementor-column elementor-col-100 elementor-top-column elementor-element elementor-element-80c7bf9\" data-id=\"80c7bf9\" data-element_type=\"column\">\n\t\t\t<div class=\"elementor-column-wrap elementor-element-populated\">\n\t\t\t\t\t\t\t<div class=\"elementor-widget-wrap\">\n\t\t\t\t\t\t<div class=\"elementor-element elementor-element-3066d84 elementor-widget elementor-widget-text-editor\" data-id=\"3066d84\" data-element_type=\"widget\" data-widget_type=\"text-editor.default\">\n\t\t\t\t<div class=\"elementor-widget-container\">\n\t\t\t\t\t\t\t\t<div class=\"elementor-text-editor elementor-clearfix\">\n\t\t\t\t<p>His former residence of contains 18th-century wine vats and a special room reserved for the crushing of grapes underfoot. You can also find many artifacts of the author&#8217;s life, including his Civil War diary. Casa Lloren\u00e7 Villalonga is a literary museum. It is situated in a building otherwise known as Casal de Can Sabater. The museum traces his career through documents, books and notes. Among these are original works for the &#8216;Diario de Guerra&#8217; that Villalonga wrote in Binissalem during the Civil War. This diary shows that he was initially a supporter of the Falange. Later on he was to become disenchanted with what he saw as the ruination of the world, and craved peace and harmony instead.<\/p>\t\t\t\t\t<\/div>\n\t\t\t\t\t\t<\/div>\n\t\t\t\t<\/div>\n\t\t\t\t\t\t<\/div>\n\t\t\t\t\t<\/div>\n\t\t<\/div>\n\t\t\t\t\t\t\t\t<\/div>\n\t\t\t\t\t<\/div>\n\t\t<\/section>\n\t\t\t\t<section class=\"elementor-section elementor-top-section elementor-element elementor-element-e1f7cf5 elementor-section-boxed elementor-section-height-default elementor-section-height-default\" data-id=\"e1f7cf5\" data-element_type=\"section\">\n\t\t\t\t\t\t<div class=\"elementor-container elementor-column-gap-default\">\n\t\t\t\t\t\t\t<div class=\"elementor-row\">\n\t\t\t\t\t<div class=\"elementor-column elementor-col-100 elementor-top-column elementor-element elementor-element-98d9d7a\" data-id=\"98d9d7a\" data-element_type=\"column\">\n\t\t\t<div class=\"elementor-column-wrap elementor-element-populated\">\n\t\t\t\t\t\t\t<div class=\"elementor-widget-wrap\">\n\t\t\t\t\t\t<div class=\"elementor-element elementor-element-036f6af elementor-widget elementor-widget-google_maps\" data-id=\"036f6af\" data-element_type=\"widget\" data-widget_type=\"google_maps.default\">\n\t\t\t\t<div class=\"elementor-widget-container\">\n\t\t\t\t\t<div class=\"elementor-custom-embed\">\n\t\t\t<iframe frameborder=\"0\" scrolling=\"no\" marginheight=\"0\" marginwidth=\"0\"\n\t\t\t\t\tsrc=\"https:\/\/maps.google.com\/maps?q=casa%20llorenc%20villalonga&#038;t=m&#038;z=10&#038;output=embed&#038;iwloc=near\"\n\t\t\t\t\ttitle=\"casa llorenc villalonga\"\n\t\t\t\t\taria-label=\"casa llorenc villalonga\"\n\t\t\t><\/iframe>\n\t\t<\/div>\n\t\t\t\t<\/div>\n\t\t\t\t<\/div>\n\t\t\t\t\t\t<\/div>\n\t\t\t\t\t<\/div>\n\t\t<\/div>\n\t\t\t\t\t\t\t\t<\/div>\n\t\t\t\t\t<\/div>\n\t\t<\/section>\n\t\t\t\t<section class=\"elementor-section elementor-top-section elementor-element elementor-element-a658e74 elementor-section-boxed elementor-section-height-default elementor-section-height-default\" data-id=\"a658e74\" data-element_type=\"section\">\n\t\t\t\t\t\t<div class=\"elementor-container elementor-column-gap-default\">\n\t\t\t\t\t\t\t<div class=\"elementor-row\">\n\t\t\t\t\t<div class=\"elementor-column elementor-col-100 elementor-top-column elementor-element elementor-element-ed59b67\" data-id=\"ed59b67\" data-element_type=\"column\">\n\t\t\t<div class=\"elementor-column-wrap elementor-element-populated\">\n\t\t\t\t\t\t\t<div class=\"elementor-widget-wrap\">\n\t\t\t\t\t\t<div class=\"elementor-element elementor-element-56e0303 elementor-widget elementor-widget-text-editor\" data-id=\"56e0303\" data-element_type=\"widget\" data-widget_type=\"text-editor.default\">\n\t\t\t\t<div class=\"elementor-widget-container\">\n\t\t\t\t\t\t\t\t<div class=\"elementor-text-editor elementor-clearfix\">\n\t\t\t\t<p>Can Sabater is where Villalonga lived during the Civil War with Maria Teresa Gelabert. She was a distant and wealthy relative, who he married some months after the start of the war. Can Gelabert is nowadays a cultural center. Dating to medieval times, various renovations were made from the mid-seventeenth century until 1837. An original Gothic style was adapted along Neo-Classical and Italian lines. Central to this styling was the 1807 marriage between Antoni Gelabert and Mercedes Ba\u00f1uelos y Gonz\u00e1lez Dest\u00e9fani. The house and estate were the property of the Gelabert de la Portella family, who had an important place in Mallorca&#8217;s social structure from the fifteenth century onwards.<\/p>\t\t\t\t\t<\/div>\n\t\t\t\t\t\t<\/div>\n\t\t\t\t<\/div>\n\t\t\t\t\t\t<\/div>\n\t\t\t\t\t<\/div>\n\t\t<\/div>\n\t\t\t\t\t\t\t\t<\/div>\n\t\t\t\t\t<\/div>\n\t\t<\/section>\n\t\t\t\t<section class=\"elementor-section elementor-top-section elementor-element elementor-element-6c3e2df elementor-section-boxed elementor-section-height-default elementor-section-height-default\" data-id=\"6c3e2df\" data-element_type=\"section\">\n\t\t\t\t\t\t<div class=\"elementor-container elementor-column-gap-default\">\n\t\t\t\t\t\t\t<div class=\"elementor-row\">\n\t\t\t\t\t<div class=\"elementor-column elementor-col-100 elementor-top-column elementor-element elementor-element-fd72ca5\" data-id=\"fd72ca5\" data-element_type=\"column\">\n\t\t\t<div class=\"elementor-column-wrap elementor-element-populated\">\n\t\t\t\t\t\t\t<div class=\"elementor-widget-wrap\">\n\t\t\t\t\t\t<div class=\"elementor-element elementor-element-2cd63b7 elementor-widget elementor-widget-heading\" data-id=\"2cd63b7\" data-element_type=\"widget\" data-widget_type=\"heading.default\">\n\t\t\t\t<div class=\"elementor-widget-container\">\n\t\t\t<h4 class=\"elementor-heading-title elementor-size-default\">Mort de Dama<\/h4>\t\t<\/div>\n\t\t\t\t<\/div>\n\t\t\t\t\t\t<\/div>\n\t\t\t\t\t<\/div>\n\t\t<\/div>\n\t\t\t\t\t\t\t\t<\/div>\n\t\t\t\t\t<\/div>\n\t\t<\/section>\n\t\t\t\t<section class=\"elementor-section elementor-top-section elementor-element elementor-element-1dcbe46 elementor-section-boxed elementor-section-height-default elementor-section-height-default\" data-id=\"1dcbe46\" data-element_type=\"section\">\n\t\t\t\t\t\t<div class=\"elementor-container elementor-column-gap-default\">\n\t\t\t\t\t\t\t<div class=\"elementor-row\">\n\t\t\t\t\t<div class=\"elementor-column elementor-col-100 elementor-top-column elementor-element elementor-element-c68e74a\" data-id=\"c68e74a\" data-element_type=\"column\">\n\t\t\t<div class=\"elementor-column-wrap elementor-element-populated\">\n\t\t\t\t\t\t\t<div class=\"elementor-widget-wrap\">\n\t\t\t\t\t\t<div class=\"elementor-element elementor-element-d38ce01 elementor-widget elementor-widget-image\" data-id=\"d38ce01\" data-element_type=\"widget\" data-widget_type=\"image.default\">\n\t\t\t\t<div class=\"elementor-widget-container\">\n\t\t\t\t\t\t\t\t<div class=\"elementor-image\">\n\t\t\t\t\t\t\t\t\t\t\t\t\t<a href=\"http:\/\/www.mallorcaliteraria.cat\/cases\/index.php?i=ca&#038;s=lv&#038;ss=autor\" target=\"_blank\" rel=\"nofollow\">\n\t\t\t\t\t\t\t<img width=\"520\" height=\"410\" src=\"https:\/\/www.nofrills-excursions.com\/blog\/wp-content\/uploads\/2020\/05\/mortdedama.jpg\" class=\"attachment-large size-large\" alt=\"Mort de Dama by Llorenc Villalonga\" srcset=\"https:\/\/www.nofrills-excursions.com\/blog\/wp-content\/uploads\/2020\/05\/mortdedama.jpg 520w, https:\/\/www.nofrills-excursions.com\/blog\/wp-content\/uploads\/2020\/05\/mortdedama-300x237.jpg 300w\" sizes=\"(max-width: 520px) 100vw, 520px\" \/>\t\t\t\t\t\t\t\t<\/a>\n\t\t\t\t\t\t\t\t\t\t\t\t\t\t<\/div>\n\t\t\t\t\t\t<\/div>\n\t\t\t\t<\/div>\n\t\t\t\t\t\t<\/div>\n\t\t\t\t\t<\/div>\n\t\t<\/div>\n\t\t\t\t\t\t\t\t<\/div>\n\t\t\t\t\t<\/div>\n\t\t<\/section>\n\t\t\t\t<section class=\"elementor-section elementor-top-section elementor-element elementor-element-acd2e33 elementor-section-boxed elementor-section-height-default elementor-section-height-default\" data-id=\"acd2e33\" data-element_type=\"section\">\n\t\t\t\t\t\t<div class=\"elementor-container elementor-column-gap-default\">\n\t\t\t\t\t\t\t<div class=\"elementor-row\">\n\t\t\t\t\t<div class=\"elementor-column elementor-col-100 elementor-top-column elementor-element elementor-element-a592ae2\" data-id=\"a592ae2\" data-element_type=\"column\">\n\t\t\t<div class=\"elementor-column-wrap elementor-element-populated\">\n\t\t\t\t\t\t\t<div class=\"elementor-widget-wrap\">\n\t\t\t\t\t\t<div class=\"elementor-element elementor-element-8fc5eb0 elementor-widget elementor-widget-text-editor\" data-id=\"8fc5eb0\" data-element_type=\"widget\" data-widget_type=\"text-editor.default\">\n\t\t\t\t<div class=\"elementor-widget-container\">\n\t\t\t\t\t\t\t\t<div class=\"elementor-text-editor elementor-clearfix\">\n\t\t\t\t<p>Among his most famous novels was &#8216;Mort de Dama&#8217; (Death of a Lady), a satire of Mallorcan life and society in the 1920s. The novel brought him many enemies. Another was &#8216;Bearn\u2019, published in English under the title &#8216;The Doll&#8217;s Room\u2019. This one concerns Mallorca&#8217;s fading nobility and, specifically, the decline of the noble house of Bearn.<\/p>\t\t\t\t\t<\/div>\n\t\t\t\t\t\t<\/div>\n\t\t\t\t<\/div>\n\t\t\t\t\t\t<\/div>\n\t\t\t\t\t<\/div>\n\t\t<\/div>\n\t\t\t\t\t\t\t\t<\/div>\n\t\t\t\t\t<\/div>\n\t\t<\/section>\n\t\t\t\t<section class=\"elementor-section elementor-top-section elementor-element elementor-element-c919ae1 elementor-section-boxed elementor-section-height-default elementor-section-height-default\" data-id=\"c919ae1\" data-element_type=\"section\">\n\t\t\t\t\t\t<div class=\"elementor-container elementor-column-gap-default\">\n\t\t\t\t\t\t\t<div class=\"elementor-row\">\n\t\t\t\t\t<div class=\"elementor-column elementor-col-100 elementor-top-column elementor-element elementor-element-f9c0d63\" data-id=\"f9c0d63\" data-element_type=\"column\">\n\t\t\t<div class=\"elementor-column-wrap elementor-element-populated\">\n\t\t\t\t\t\t\t<div class=\"elementor-widget-wrap\">\n\t\t\t\t\t\t<div class=\"elementor-element elementor-element-c21d1fe elementor-widget elementor-widget-heading\" data-id=\"c21d1fe\" data-element_type=\"widget\" data-widget_type=\"heading.default\">\n\t\t\t\t<div class=\"elementor-widget-container\">\n\t\t\t<h3 class=\"elementor-heading-title elementor-size-default\">Mallorcan gastronomy tasting - the spicy sobrassada sausage<\/h3>\t\t<\/div>\n\t\t\t\t<\/div>\n\t\t\t\t\t\t<\/div>\n\t\t\t\t\t<\/div>\n\t\t<\/div>\n\t\t\t\t\t\t\t\t<\/div>\n\t\t\t\t\t<\/div>\n\t\t<\/section>\n\t\t\t\t<section class=\"elementor-section elementor-top-section elementor-element elementor-element-613498b elementor-section-boxed elementor-section-height-default elementor-section-height-default\" data-id=\"613498b\" data-element_type=\"section\">\n\t\t\t\t\t\t<div class=\"elementor-container elementor-column-gap-default\">\n\t\t\t\t\t\t\t<div class=\"elementor-row\">\n\t\t\t\t\t<div class=\"elementor-column elementor-col-100 elementor-top-column elementor-element elementor-element-4c2781d\" data-id=\"4c2781d\" data-element_type=\"column\">\n\t\t\t<div class=\"elementor-column-wrap elementor-element-populated\">\n\t\t\t\t\t\t\t<div class=\"elementor-widget-wrap\">\n\t\t\t\t\t\t<div class=\"elementor-element elementor-element-3aee582 elementor-widget elementor-widget-text-editor\" data-id=\"3aee582\" data-element_type=\"widget\" data-widget_type=\"text-editor.default\">\n\t\t\t\t<div class=\"elementor-widget-container\">\n\t\t\t\t\t\t\t\t<div class=\"elementor-text-editor elementor-clearfix\">\n\t\t\t\t<p>The stories behind some of the island&#8217;s food are as fascinating as the food itself.<\/p>\t\t\t\t\t<\/div>\n\t\t\t\t\t\t<\/div>\n\t\t\t\t<\/div>\n\t\t\t\t\t\t<\/div>\n\t\t\t\t\t<\/div>\n\t\t<\/div>\n\t\t\t\t\t\t\t\t<\/div>\n\t\t\t\t\t<\/div>\n\t\t<\/section>\n\t\t\t\t<section class=\"elementor-section elementor-top-section elementor-element elementor-element-ae1c446 elementor-section-boxed elementor-section-height-default elementor-section-height-default\" data-id=\"ae1c446\" data-element_type=\"section\">\n\t\t\t\t\t\t<div class=\"elementor-container elementor-column-gap-default\">\n\t\t\t\t\t\t\t<div class=\"elementor-row\">\n\t\t\t\t\t<div class=\"elementor-column elementor-col-100 elementor-top-column elementor-element elementor-element-bfaccbc\" data-id=\"bfaccbc\" data-element_type=\"column\">\n\t\t\t<div class=\"elementor-column-wrap elementor-element-populated\">\n\t\t\t\t\t\t\t<div class=\"elementor-widget-wrap\">\n\t\t\t\t\t\t<div class=\"elementor-element elementor-element-0364502 elementor-widget elementor-widget-heading\" data-id=\"0364502\" data-element_type=\"widget\" data-widget_type=\"heading.default\">\n\t\t\t\t<div class=\"elementor-widget-container\">\n\t\t\t<h4 class=\"elementor-heading-title elementor-size-default\">Sobrassada origin<\/h4>\t\t<\/div>\n\t\t\t\t<\/div>\n\t\t\t\t\t\t<\/div>\n\t\t\t\t\t<\/div>\n\t\t<\/div>\n\t\t\t\t\t\t\t\t<\/div>\n\t\t\t\t\t<\/div>\n\t\t<\/section>\n\t\t\t\t<section class=\"elementor-section elementor-top-section elementor-element elementor-element-a2564fa elementor-section-boxed elementor-section-height-default elementor-section-height-default\" data-id=\"a2564fa\" data-element_type=\"section\">\n\t\t\t\t\t\t<div class=\"elementor-container elementor-column-gap-default\">\n\t\t\t\t\t\t\t<div class=\"elementor-row\">\n\t\t\t\t\t<div class=\"elementor-column elementor-col-100 elementor-top-column elementor-element elementor-element-a2b2147\" data-id=\"a2b2147\" data-element_type=\"column\">\n\t\t\t<div class=\"elementor-column-wrap elementor-element-populated\">\n\t\t\t\t\t\t\t<div class=\"elementor-widget-wrap\">\n\t\t\t\t\t\t<div class=\"elementor-element elementor-element-2b5d5a5 elementor-widget elementor-widget-text-editor\" data-id=\"2b5d5a5\" data-element_type=\"widget\" data-widget_type=\"text-editor.default\">\n\t\t\t\t<div class=\"elementor-widget-container\">\n\t\t\t\t\t\t\t\t<div class=\"elementor-text-editor elementor-clearfix\">\n\t\t\t\t<p>In 1403, King Martin I of Mallorca sent a request to the head of the household of the Sicilian king. Among the items Martin wanted was charcuterie. Also on the list were &#8216;sobressades&#8217; or raw, cured sausage. At that time, Sicily was in the Catalan sphere. What is now spelled &#8216;sobrassada&#8217; came from the Occitan language, a close relative of Catalan.<\/p>\t\t\t\t\t<\/div>\n\t\t\t\t\t\t<\/div>\n\t\t\t\t<\/div>\n\t\t\t\t\t\t<\/div>\n\t\t\t\t\t<\/div>\n\t\t<\/div>\n\t\t\t\t\t\t\t\t<\/div>\n\t\t\t\t\t<\/div>\n\t\t<\/section>\n\t\t\t\t<section class=\"elementor-section elementor-top-section elementor-element elementor-element-434cdaa elementor-section-boxed elementor-section-height-default elementor-section-height-default\" data-id=\"434cdaa\" data-element_type=\"section\">\n\t\t\t\t\t\t<div class=\"elementor-container elementor-column-gap-default\">\n\t\t\t\t\t\t\t<div class=\"elementor-row\">\n\t\t\t\t\t<div class=\"elementor-column elementor-col-100 elementor-top-column elementor-element elementor-element-060382e\" data-id=\"060382e\" data-element_type=\"column\">\n\t\t\t<div class=\"elementor-column-wrap elementor-element-populated\">\n\t\t\t\t\t\t\t<div class=\"elementor-widget-wrap\">\n\t\t\t\t\t\t<div class=\"elementor-element elementor-element-8bae059 elementor-widget elementor-widget-image\" data-id=\"8bae059\" data-element_type=\"widget\" data-widget_type=\"image.default\">\n\t\t\t\t<div class=\"elementor-widget-container\">\n\t\t\t\t\t\t\t\t<div class=\"elementor-image\">\n\t\t\t\t\t\t\t\t\t\t\t\t<img width=\"768\" height=\"576\" src=\"https:\/\/www.nofrills-excursions.com\/blog\/wp-content\/uploads\/2020\/04\/sobrassada-malloca-768x576.jpg\" class=\"attachment-medium_large size-medium_large\" alt=\"sobrassada mallorca\" srcset=\"https:\/\/www.nofrills-excursions.com\/blog\/wp-content\/uploads\/2020\/04\/sobrassada-malloca-768x576.jpg 768w, https:\/\/www.nofrills-excursions.com\/blog\/wp-content\/uploads\/2020\/04\/sobrassada-malloca-300x225.jpg 300w, https:\/\/www.nofrills-excursions.com\/blog\/wp-content\/uploads\/2020\/04\/sobrassada-malloca-1024x768.jpg 1024w, https:\/\/www.nofrills-excursions.com\/blog\/wp-content\/uploads\/2020\/04\/sobrassada-malloca.jpg 1600w\" sizes=\"(max-width: 768px) 100vw, 768px\" \/>\t\t\t\t\t\t\t\t\t\t\t\t\t\t<\/div>\n\t\t\t\t\t\t<\/div>\n\t\t\t\t<\/div>\n\t\t\t\t\t\t<\/div>\n\t\t\t\t\t<\/div>\n\t\t<\/div>\n\t\t\t\t\t\t\t\t<\/div>\n\t\t\t\t\t<\/div>\n\t\t<\/section>\n\t\t\t\t<section class=\"elementor-section elementor-top-section elementor-element elementor-element-ae4e184 elementor-section-boxed elementor-section-height-default elementor-section-height-default\" data-id=\"ae4e184\" data-element_type=\"section\">\n\t\t\t\t\t\t<div class=\"elementor-container elementor-column-gap-default\">\n\t\t\t\t\t\t\t<div class=\"elementor-row\">\n\t\t\t\t\t<div class=\"elementor-column elementor-col-100 elementor-top-column elementor-element elementor-element-b85e7e7\" data-id=\"b85e7e7\" data-element_type=\"column\">\n\t\t\t<div class=\"elementor-column-wrap elementor-element-populated\">\n\t\t\t\t\t\t\t<div class=\"elementor-widget-wrap\">\n\t\t\t\t\t\t<div class=\"elementor-element elementor-element-2f9b0a7 elementor-widget elementor-widget-text-editor\" data-id=\"2f9b0a7\" data-element_type=\"widget\" data-widget_type=\"text-editor.default\">\n\t\t\t\t<div class=\"elementor-widget-container\">\n\t\t\t\t\t\t\t\t<div class=\"elementor-text-editor elementor-clearfix\">\n\t\t\t\t<p>The product itself seems to have originated in southern Italy. After the Moorish era ended, it became a favourite of the medieval kingdoms within the Crown of Aragon. Mallorca was one of them. Various historical documents, such as Martin I&#8217;s order, made reference to sobrassada.\u00a0 From the year 1550, there is mention of sobrassada in Pollensa. Up until that time, the supply for Mallorca continued to be mostly Italian: Naples was an exporter.\u00a0<\/p>\t\t\t\t\t<\/div>\n\t\t\t\t\t\t<\/div>\n\t\t\t\t<\/div>\n\t\t\t\t\t\t<\/div>\n\t\t\t\t\t<\/div>\n\t\t<\/div>\n\t\t\t\t\t\t\t\t<\/div>\n\t\t\t\t\t<\/div>\n\t\t<\/section>\n\t\t\t\t<section class=\"elementor-section elementor-top-section elementor-element elementor-element-fa057bc elementor-section-boxed elementor-section-height-default elementor-section-height-default\" data-id=\"fa057bc\" data-element_type=\"section\">\n\t\t\t\t\t\t<div class=\"elementor-container elementor-column-gap-default\">\n\t\t\t\t\t\t\t<div class=\"elementor-row\">\n\t\t\t\t\t<div class=\"elementor-column elementor-col-100 elementor-top-column elementor-element elementor-element-13f2a38\" data-id=\"13f2a38\" data-element_type=\"column\">\n\t\t\t<div class=\"elementor-column-wrap elementor-element-populated\">\n\t\t\t\t\t\t\t<div class=\"elementor-widget-wrap\">\n\t\t\t\t\t\t<div class=\"elementor-element elementor-element-5ea9056 elementor-widget elementor-widget-heading\" data-id=\"5ea9056\" data-element_type=\"widget\" data-widget_type=\"heading.default\">\n\t\t\t\t<div class=\"elementor-widget-container\">\n\t\t\t<h4 class=\"elementor-heading-title elementor-size-default\">Mallorcan production of sobrassada<\/h4>\t\t<\/div>\n\t\t\t\t<\/div>\n\t\t\t\t\t\t<\/div>\n\t\t\t\t\t<\/div>\n\t\t<\/div>\n\t\t\t\t\t\t\t\t<\/div>\n\t\t\t\t\t<\/div>\n\t\t<\/section>\n\t\t\t\t<section class=\"elementor-section elementor-top-section elementor-element elementor-element-a7f8c43 elementor-section-boxed elementor-section-height-default elementor-section-height-default\" data-id=\"a7f8c43\" data-element_type=\"section\">\n\t\t\t\t\t\t<div class=\"elementor-container elementor-column-gap-default\">\n\t\t\t\t\t\t\t<div class=\"elementor-row\">\n\t\t\t\t\t<div class=\"elementor-column elementor-col-100 elementor-top-column elementor-element elementor-element-3572552\" data-id=\"3572552\" data-element_type=\"column\">\n\t\t\t<div class=\"elementor-column-wrap elementor-element-populated\">\n\t\t\t\t\t\t\t<div class=\"elementor-widget-wrap\">\n\t\t\t\t\t\t<div class=\"elementor-element elementor-element-2c84177 elementor-widget elementor-widget-text-editor\" data-id=\"2c84177\" data-element_type=\"widget\" data-widget_type=\"text-editor.default\">\n\t\t\t\t<div class=\"elementor-widget-container\">\n\t\t\t\t\t\t\t\t<div class=\"elementor-text-editor elementor-clearfix\">\n\t\t\t\t<p>By the mid-sixteenth century, there were signs of local production, but it wasn&#8217;t to be until the eighteenth century that Mallorca started to come into its own. This was because of the cultivation of paprika. The local variety of the pepper is known as &#8216;pebble bored&#8217; and &#8216;tap de cort\u00ed&#8217;. The paprika added colour to sobrassada. It also added taste and provided greater preservative qualities. Sobrassada and other pork products could sustain a Mallorcan family for months.<\/p>\t\t\t\t\t<\/div>\n\t\t\t\t\t\t<\/div>\n\t\t\t\t<\/div>\n\t\t\t\t\t\t<\/div>\n\t\t\t\t\t<\/div>\n\t\t<\/div>\n\t\t\t\t\t\t\t\t<\/div>\n\t\t\t\t\t<\/div>\n\t\t<\/section>\n\t\t\t\t<section class=\"elementor-section elementor-top-section elementor-element elementor-element-dbb5c5a elementor-section-boxed elementor-section-height-default elementor-section-height-default\" data-id=\"dbb5c5a\" data-element_type=\"section\">\n\t\t\t\t\t\t<div class=\"elementor-container elementor-column-gap-default\">\n\t\t\t\t\t\t\t<div class=\"elementor-row\">\n\t\t\t\t\t<div class=\"elementor-column elementor-col-100 elementor-top-column elementor-element elementor-element-15b7f0c\" data-id=\"15b7f0c\" data-element_type=\"column\">\n\t\t\t<div class=\"elementor-column-wrap elementor-element-populated\">\n\t\t\t\t\t\t\t<div class=\"elementor-widget-wrap\">\n\t\t\t\t\t\t<div class=\"elementor-element elementor-element-7487877 elementor-widget elementor-widget-image\" data-id=\"7487877\" data-element_type=\"widget\" data-widget_type=\"image.default\">\n\t\t\t\t<div class=\"elementor-widget-container\">\n\t\t\t\t\t\t\t\t<div class=\"elementor-image\">\n\t\t\t\t\t\t\t\t\t\t\t\t<img width=\"768\" height=\"512\" src=\"https:\/\/www.nofrills-excursions.com\/blog\/wp-content\/uploads\/2019\/12\/foodie-walk-tour-mallorca-4-768x512.jpg\" class=\"attachment-medium_large size-medium_large\" alt=\"Guests during foodie tour in Palma de Mallorca\" srcset=\"https:\/\/www.nofrills-excursions.com\/blog\/wp-content\/uploads\/2019\/12\/foodie-walk-tour-mallorca-4-768x512.jpg 768w, https:\/\/www.nofrills-excursions.com\/blog\/wp-content\/uploads\/2019\/12\/foodie-walk-tour-mallorca-4-300x200.jpg 300w, https:\/\/www.nofrills-excursions.com\/blog\/wp-content\/uploads\/2019\/12\/foodie-walk-tour-mallorca-4-1024x683.jpg 1024w\" sizes=\"(max-width: 768px) 100vw, 768px\" \/>\t\t\t\t\t\t\t\t\t\t\t\t\t\t<\/div>\n\t\t\t\t\t\t<\/div>\n\t\t\t\t<\/div>\n\t\t\t\t\t\t<\/div>\n\t\t\t\t\t<\/div>\n\t\t<\/div>\n\t\t\t\t\t\t\t\t<\/div>\n\t\t\t\t\t<\/div>\n\t\t<\/section>\n\t\t\t\t<section class=\"elementor-section elementor-top-section elementor-element elementor-element-d4f77a2 elementor-section-boxed elementor-section-height-default elementor-section-height-default\" data-id=\"d4f77a2\" data-element_type=\"section\">\n\t\t\t\t\t\t<div class=\"elementor-container elementor-column-gap-default\">\n\t\t\t\t\t\t\t<div class=\"elementor-row\">\n\t\t\t\t\t<div class=\"elementor-column elementor-col-100 elementor-top-column elementor-element elementor-element-427b084\" data-id=\"427b084\" data-element_type=\"column\">\n\t\t\t<div class=\"elementor-column-wrap elementor-element-populated\">\n\t\t\t\t\t\t\t<div class=\"elementor-widget-wrap\">\n\t\t\t\t\t\t<div class=\"elementor-element elementor-element-8a09243 elementor-widget elementor-widget-text-editor\" data-id=\"8a09243\" data-element_type=\"widget\" data-widget_type=\"text-editor.default\">\n\t\t\t\t<div class=\"elementor-widget-container\">\n\t\t\t\t\t\t\t\t<div class=\"elementor-text-editor elementor-clearfix\">\n\t\t\t\t<p>With or without pepper, the making of sobrassada remains traditional. Many Mallorcan households prepare their own, the process starting in November in time for the Christmas period. The texture of sobrassada means that it is highly versatile, so it is now also a feature of the island&#8217;s innovative gastronomy.<\/p>\t\t\t\t\t<\/div>\n\t\t\t\t\t\t<\/div>\n\t\t\t\t<\/div>\n\t\t\t\t\t\t<\/div>\n\t\t\t\t\t<\/div>\n\t\t<\/div>\n\t\t\t\t\t\t\t\t<\/div>\n\t\t\t\t\t<\/div>\n\t\t<\/section>\n\t\t\t\t<section class=\"elementor-section elementor-top-section elementor-element elementor-element-76e4556 elementor-section-boxed elementor-section-height-default elementor-section-height-default\" data-id=\"76e4556\" data-element_type=\"section\">\n\t\t\t\t\t\t<div class=\"elementor-container elementor-column-gap-default\">\n\t\t\t\t\t\t\t<div class=\"elementor-row\">\n\t\t\t\t\t<div class=\"elementor-column elementor-col-100 elementor-top-column elementor-element elementor-element-ba6127f\" data-id=\"ba6127f\" data-element_type=\"column\">\n\t\t\t<div class=\"elementor-column-wrap elementor-element-populated\">\n\t\t\t\t\t\t\t<div class=\"elementor-widget-wrap\">\n\t\t\t\t\t\t<div class=\"elementor-element elementor-element-7f32196 elementor-position-left elementor-widget__width-initial elementor-vertical-align-top elementor-widget elementor-widget-image-box\" data-id=\"7f32196\" data-element_type=\"widget\" data-widget_type=\"image-box.default\">\n\t\t\t\t<div class=\"elementor-widget-container\">\n\t\t\t<div class=\"elementor-image-box-wrapper\"><figure class=\"elementor-image-box-img\"><a href=\"https:\/\/www.nofrills-excursions.com\/blog\/food-in-mallorca\/\" target=\"_blank\"><img width=\"160\" height=\"160\" src=\"https:\/\/www.nofrills-excursions.com\/blog\/wp-content\/uploads\/2020\/04\/pa-amb-oli-612058_960_720-160x160.jpg\" class=\"attachment-thumb-small size-thumb-small\" alt=\"pa amb oli\" \/><\/a><\/figure><div class=\"elementor-image-box-content\"><h4 class=\"elementor-image-box-title\"><a href=\"https:\/\/www.nofrills-excursions.com\/blog\/food-in-mallorca\/\" target=\"_blank\">Mallorca Food - must to try!<\/a><\/h4><p class=\"elementor-image-box-description\">Who doesn\u00b4t love food? If you travel to Mallorca, you really have to try some of our local products! Check recommendations here... <\/p><\/div><\/div>\t\t<\/div>\n\t\t\t\t<\/div>\n\t\t\t\t\t\t<\/div>\n\t\t\t\t\t<\/div>\n\t\t<\/div>\n\t\t\t\t\t\t\t\t<\/div>\n\t\t\t\t\t<\/div>\n\t\t<\/section>\n\t\t\t\t<section class=\"elementor-section elementor-top-section elementor-element elementor-element-9ab7025 elementor-section-boxed elementor-section-height-default elementor-section-height-default\" data-id=\"9ab7025\" data-element_type=\"section\">\n\t\t\t\t\t\t<div class=\"elementor-container elementor-column-gap-default\">\n\t\t\t\t\t\t\t<div class=\"elementor-row\">\n\t\t\t\t\t<div class=\"elementor-column elementor-col-100 elementor-top-column elementor-element elementor-element-fdd19f0\" data-id=\"fdd19f0\" data-element_type=\"column\">\n\t\t\t<div class=\"elementor-column-wrap elementor-element-populated\">\n\t\t\t\t\t\t\t<div class=\"elementor-widget-wrap\">\n\t\t\t\t\t\t<div class=\"elementor-element elementor-element-92e249e elementor-widget elementor-widget-text-editor\" data-id=\"92e249e\" data-element_type=\"widget\" data-widget_type=\"text-editor.default\">\n\t\t\t\t<div class=\"elementor-widget-container\">\n\t\t\t\t\t\t\t\t<div class=\"elementor-text-editor elementor-clearfix\">\n\t\t\t\t<p>We would highly recommend you to visit Mallorca in September. The fabulous weather combined with the holiday atmosphere makes it for a perfect time to organize trip to Mallorca this month.<\/p>\t\t\t\t\t<\/div>\n\t\t\t\t\t\t<\/div>\n\t\t\t\t<\/div>\n\t\t\t\t\t\t<\/div>\n\t\t\t\t\t<\/div>\n\t\t<\/div>\n\t\t\t\t\t\t\t\t<\/div>\n\t\t\t\t\t<\/div>\n\t\t<\/section>\n\t\t\t\t<section class=\"elementor-section elementor-top-section elementor-element elementor-element-a2fd967 elementor-section-boxed elementor-section-height-default elementor-section-height-default\" data-id=\"a2fd967\" data-element_type=\"section\">\n\t\t\t\t\t\t<div class=\"elementor-container elementor-column-gap-default\">\n\t\t\t\t\t\t\t<div class=\"elementor-row\">\n\t\t\t\t\t<div class=\"elementor-column elementor-col-100 elementor-top-column elementor-element elementor-element-ac52c2b\" data-id=\"ac52c2b\" data-element_type=\"column\">\n\t\t\t<div class=\"elementor-column-wrap elementor-element-populated\">\n\t\t\t\t\t\t\t<div class=\"elementor-widget-wrap\">\n\t\t\t\t\t\t<div class=\"elementor-element elementor-element-786666e elementor-widget elementor-widget-text-editor\" data-id=\"786666e\" data-element_type=\"widget\" data-widget_type=\"text-editor.default\">\n\t\t\t\t<div class=\"elementor-widget-container\">\n\t\t\t\t\t\t\t\t<div class=\"elementor-text-editor elementor-clearfix\">\n\t\t\t\t<p>We hope you have found this article about Mallorca in September useful, and that it helps you to plan your travel to Mallorca. If you liked the article, please share it on your social networks so other travelers can see it. If you have some extra suggestions for September in Mallorca, leave us your comment and we will add it to the article.<\/p>\t\t\t\t\t<\/div>\n\t\t\t\t\t\t<\/div>\n\t\t\t\t<\/div>\n\t\t\t\t\t\t<\/div>\n\t\t\t\t\t<\/div>\n\t\t<\/div>\n\t\t\t\t\t\t\t\t<\/div>\n\t\t\t\t\t<\/div>\n\t\t<\/section>\n\t\t\t\t<section class=\"elementor-section elementor-top-section elementor-element elementor-element-0d9b59e elementor-section-boxed elementor-section-height-default elementor-section-height-default\" data-id=\"0d9b59e\" data-element_type=\"section\">\n\t\t\t\t\t\t<div class=\"elementor-container elementor-column-gap-default\">\n\t\t\t\t\t\t\t<div class=\"elementor-row\">\n\t\t\t\t\t<div class=\"elementor-column elementor-col-100 elementor-top-column elementor-element elementor-element-a91c607\" data-id=\"a91c607\" data-element_type=\"column\">\n\t\t\t<div class=\"elementor-column-wrap elementor-element-populated\">\n\t\t\t\t\t\t\t<div class=\"elementor-widget-wrap\">\n\t\t\t\t\t\t<div class=\"elementor-element elementor-element-79a86a8 elementor-widget elementor-widget-toggle\" data-id=\"79a86a8\" data-element_type=\"widget\" data-widget_type=\"toggle.default\">\n\t\t\t\t<div class=\"elementor-widget-container\">\n\t\t\t\t\t<div class=\"elementor-toggle\" role=\"tablist\">\n\t\t\t\t\t\t\t<div class=\"elementor-toggle-item\">\n\t\t\t\t\t<div id=\"elementor-tab-title-1271\" class=\"elementor-tab-title\" data-tab=\"1\" role=\"tab\" aria-controls=\"elementor-tab-content-1271\" aria-expanded=\"false\">\n\t\t\t\t\t\t\t\t\t\t\t\t<span class=\"elementor-toggle-icon elementor-toggle-icon-left\" aria-hidden=\"true\">\n\t\t\t\t\t\t\t\t\t\t\t\t\t\t\t<span class=\"elementor-toggle-icon-closed\"><i class=\"fas fa-caret-right\"><\/i><\/span>\n\t\t\t\t\t\t\t\t<span class=\"elementor-toggle-icon-opened\"><i class=\"elementor-toggle-icon-opened fas fa-caret-up\"><\/i><\/span>\n\t\t\t\t\t\t\t\t\t\t\t\t\t<\/span>\n\t\t\t\t\t\t\t\t\t\t\t\t<a href=\"\" class=\"elementor-toggle-title\">Would you like to visit Mallorca in another month? Check our articles for more information:<\/a>\n\t\t\t\t\t<\/div>\n\n\t\t\t\t\t<div id=\"elementor-tab-content-1271\" class=\"elementor-tab-content elementor-clearfix\" data-tab=\"1\" role=\"tabpanel\" aria-labelledby=\"elementor-tab-title-1271\"><ol>\n<li><a href=\"https:\/\/www.nofrills-excursions.com\/blog\/mallorca-in-january\/\">Mallorca in January<\/a><\/li>\n<li><a href=\"https:\/\/www.nofrills-excursions.com\/blog\/mallorca-in-february\/\">Mallorca in February<\/a><\/li>\n<li><a href=\"https:\/\/www.nofrills-excursions.com\/blog\/mallorca-in-march\/\">Mallorca in March<\/a><\/li>\n<li><a href=\"https:\/\/www.nofrills-excursions.com\/blog\/mallorca-in-april\/\" target=\"_blank\" rel=\"noopener\">Mallorca in April<\/a><\/li>\n<li><a href=\"https:\/\/www.nofrills-excursions.com\/blog\/mallorca-in-may\/\" target=\"_blank\" rel=\"noopener\">Mallorca in May<\/a><\/li>\n<li>Mallorca in June<\/li>\n<li>Mallorca in July<\/li>\n<li><a href=\"https:\/\/www.nofrills-excursions.com\/blog\/mallorca-in-august\/\" target=\"_blank\" rel=\"noopener\">Mallorca in August<\/a><\/li>\n<li><a href=\"https:\/\/www.nofrills-excursions.com\/blog\/mallorca-in-september\/\" target=\"_blank\" rel=\"noopener\">Mallorca in September<\/a><\/li>\n<li><a href=\"https:\/\/www.nofrills-excursions.com\/blog\/mallorca-in-october\/\" target=\"_blank\" rel=\"noopener\">Mallorca in October<\/a><\/li>\n<li><a href=\"https:\/\/www.nofrills-excursions.com\/blog\/mallorca-in-november\/\" target=\"_blank\" rel=\"noopener\">Mallorca in November<\/a><\/li>\n<li><a href=\"https:\/\/www.nofrills-excursions.com\/blog\/mallorca-in-december\/\" target=\"_blank\" rel=\"noopener\">Mallorca in December<\/a><\/li>\n<\/ol><\/div>\n\t\t\t\t<\/div>\n\t\t\t\t\t\t\t\t<\/div>\n\t\t\t\t<\/div>\n\t\t\t\t<\/div>\n\t\t\t\t\t\t<\/div>\n\t\t\t\t\t<\/div>\n\t\t<\/div>\n\t\t\t\t\t\t\t\t<\/div>\n\t\t\t\t\t<\/div>\n\t\t<\/section>\n\t\t\t\t<section class=\"elementor-section elementor-top-section elementor-element elementor-element-420cd0c elementor-section-boxed elementor-section-height-default elementor-section-height-default\" data-id=\"420cd0c\" data-element_type=\"section\">\n\t\t\t\t\t\t<div class=\"elementor-container elementor-column-gap-default\">\n\t\t\t\t\t\t\t<div class=\"elementor-row\">\n\t\t\t\t\t<div class=\"elementor-column elementor-col-100 elementor-top-column elementor-element elementor-element-1476241\" data-id=\"1476241\" data-element_type=\"column\">\n\t\t\t<div class=\"elementor-column-wrap elementor-element-populated\">\n\t\t\t\t\t\t\t<div class=\"elementor-widget-wrap\">\n\t\t\t\t\t\t<div class=\"elementor-element elementor-element-098cfcb e-grid-align-right elementor-shape-rounded elementor-grid-0 elementor-widget elementor-widget-social-icons\" data-id=\"098cfcb\" data-element_type=\"widget\" data-widget_type=\"social-icons.default\">\n\t\t\t\t<div class=\"elementor-widget-container\">\n\t\t\t\t\t<div class=\"elementor-social-icons-wrapper elementor-grid\">\n\t\t\t\t\t\t\t<span class=\"elementor-grid-item\">\n\t\t\t\t\t<a class=\"elementor-icon elementor-social-icon elementor-social-icon-facebook elementor-repeater-item-beb5df4\" href=\"http:\/\/facebook.com\/nofrills.excursions.mallorca\/\" target=\"_blank\">\n\t\t\t\t\t\t<span class=\"elementor-screen-only\">Facebook<\/span>\n\t\t\t\t\t\t<i class=\"fab fa-facebook\"><\/i>\t\t\t\t\t<\/a>\n\t\t\t\t<\/span>\n\t\t\t\t\t\t\t<span class=\"elementor-grid-item\">\n\t\t\t\t\t<a class=\"elementor-icon elementor-social-icon elementor-social-icon-twitter elementor-repeater-item-0d893b7\" href=\"https:\/\/twitter.com\/nofrillsexc\" target=\"_blank\">\n\t\t\t\t\t\t<span class=\"elementor-screen-only\">Twitter<\/span>\n\t\t\t\t\t\t<i class=\"fab fa-twitter\"><\/i>\t\t\t\t\t<\/a>\n\t\t\t\t<\/span>\n\t\t\t\t\t\t\t<span class=\"elementor-grid-item\">\n\t\t\t\t\t<a class=\"elementor-icon elementor-social-icon elementor-social-icon-instagram elementor-repeater-item-1c9c7b5\" href=\"https:\/\/www.instagram.com\/nofrillsexcursions\/\" target=\"_blank\">\n\t\t\t\t\t\t<span class=\"elementor-screen-only\">Instagram<\/span>\n\t\t\t\t\t\t<i class=\"fab fa-instagram\"><\/i>\t\t\t\t\t<\/a>\n\t\t\t\t<\/span>\n\t\t\t\t\t\t\t<span class=\"elementor-grid-item\">\n\t\t\t\t\t<a class=\"elementor-icon elementor-social-icon elementor-social-icon-tripadvisor elementor-repeater-item-c31b596\" href=\"https:\/\/www.tripadvisor.es\/Attraction_Review-g580312-d653931-Reviews-No_Frills_Excursions-Port_d_Alcudia_Alcudia_Majorca_Balearic_Islands.html\" target=\"_blank\">\n\t\t\t\t\t\t<span class=\"elementor-screen-only\">Tripadvisor<\/span>\n\t\t\t\t\t\t<i class=\"fab fa-tripadvisor\"><\/i>\t\t\t\t\t<\/a>\n\t\t\t\t<\/span>\n\t\t\t\t\t<\/div>\n\t\t\t\t<\/div>\n\t\t\t\t<\/div>\n\t\t\t\t\t\t<\/div>\n\t\t\t\t\t<\/div>\n\t\t<\/div>\n\t\t\t\t\t\t\t\t<\/div>\n\t\t\t\t\t<\/div>\n\t\t<\/section>\n\t\t\t\t<section class=\"elementor-section elementor-top-section elementor-element elementor-element-d83081f elementor-section-boxed elementor-section-height-default elementor-section-height-default\" data-id=\"d83081f\" data-element_type=\"section\">\n\t\t\t\t\t\t<div class=\"elementor-container elementor-column-gap-default\">\n\t\t\t\t\t\t\t<div class=\"elementor-row\">\n\t\t\t\t\t<div class=\"elementor-column elementor-col-100 elementor-top-column elementor-element elementor-element-b4cfd73\" data-id=\"b4cfd73\" data-element_type=\"column\">\n\t\t\t<div class=\"elementor-column-wrap elementor-element-populated\">\n\t\t\t\t\t\t\t<div class=\"elementor-widget-wrap\">\n\t\t\t\t\t\t<div class=\"elementor-element elementor-element-1bbb14e elementor-widget elementor-widget-heading\" data-id=\"1bbb14e\" data-element_type=\"widget\" data-widget_type=\"heading.default\">\n\t\t\t\t<div class=\"elementor-widget-container\">\n\t\t\t<h4 class=\"elementor-heading-title elementor-size-default\">Looking for more things to do in Majorca in September?<\/h4>\t\t<\/div>\n\t\t\t\t<\/div>\n\t\t\t\t\t\t<\/div>\n\t\t\t\t\t<\/div>\n\t\t<\/div>\n\t\t\t\t\t\t\t\t<\/div>\n\t\t\t\t\t<\/div>\n\t\t<\/section>\n\t\t\t\t<section class=\"elementor-section elementor-top-section elementor-element elementor-element-6034aae elementor-section-boxed elementor-section-height-default elementor-section-height-default\" data-id=\"6034aae\" data-element_type=\"section\">\n\t\t\t\t\t\t<div class=\"elementor-container elementor-column-gap-default\">\n\t\t\t\t\t\t\t<div class=\"elementor-row\">\n\t\t\t\t\t<div class=\"elementor-column elementor-col-100 elementor-top-column elementor-element elementor-element-819f306\" data-id=\"819f306\" data-element_type=\"column\">\n\t\t\t<div class=\"elementor-column-wrap elementor-element-populated\">\n\t\t\t\t\t\t\t<div class=\"elementor-widget-wrap\">\n\t\t\t\t\t\t<div class=\"elementor-element elementor-element-12242de elementor-widget elementor-widget-text-editor\" data-id=\"12242de\" data-element_type=\"widget\" data-widget_type=\"text-editor.default\">\n\t\t\t\t<div class=\"elementor-widget-container\">\n\t\t\t\t\t\t\t\t<div class=\"elementor-text-editor elementor-clearfix\">\n\t\t\t\t<p>In NoFrills Excursions we offer a wide range of the best quality tours and activities in Mallorca. We cooperate only with trusted local providers with the highest level of customer service. All of them provide clear and concise information about the pickup, timetables and itineraries. The issue of the price is always important, so click on the button below to find out about all our special prices and discounts.<\/p>\t\t\t\t\t<\/div>\n\t\t\t\t\t\t<\/div>\n\t\t\t\t<\/div>\n\t\t\t\t\t\t<\/div>\n\t\t\t\t\t<\/div>\n\t\t<\/div>\n\t\t\t\t\t\t\t\t<\/div>\n\t\t\t\t\t<\/div>\n\t\t<\/section>\n\t\t\t\t<section class=\"elementor-section elementor-top-section elementor-element elementor-element-d7f9aa8 elementor-section-boxed elementor-section-height-default elementor-section-height-default\" data-id=\"d7f9aa8\" data-element_type=\"section\">\n\t\t\t\t\t\t<div class=\"elementor-container elementor-column-gap-default\">\n\t\t\t\t\t\t\t<div class=\"elementor-row\">\n\t\t\t\t\t<div class=\"elementor-column elementor-col-100 elementor-top-column elementor-element elementor-element-8691848\" data-id=\"8691848\" data-element_type=\"column\">\n\t\t\t<div class=\"elementor-column-wrap elementor-element-populated\">\n\t\t\t\t\t\t\t<div class=\"elementor-widget-wrap\">\n\t\t\t\t\t\t<div class=\"elementor-element elementor-element-d46c0f0 elementor-widget elementor-widget-image\" data-id=\"d46c0f0\" data-element_type=\"widget\" data-widget_type=\"image.default\">\n\t\t\t\t<div class=\"elementor-widget-container\">\n\t\t\t\t\t\t\t\t<div class=\"elementor-image\">\n\t\t\t\t\t\t\t\t\t\t\t\t\t<a href=\"https:\/\/www.nofrills-excursions.com\/excursions\/\" target=\"_blank\">\n\t\t\t\t\t\t\t<img width=\"564\" height=\"91\" src=\"https:\/\/www.nofrills-excursions.com\/blog\/wp-content\/uploads\/2019\/11\/nofrills-excursions.jpg\" class=\"attachment-medium_large size-medium_large\" alt=\"Nofrills Excursions Logo\" srcset=\"https:\/\/www.nofrills-excursions.com\/blog\/wp-content\/uploads\/2019\/11\/nofrills-excursions.jpg 564w, https:\/\/www.nofrills-excursions.com\/blog\/wp-content\/uploads\/2019\/11\/nofrills-excursions-300x48.jpg 300w\" sizes=\"(max-width: 564px) 100vw, 564px\" \/>\t\t\t\t\t\t\t\t<\/a>\n\t\t\t\t\t\t\t\t\t\t\t\t\t\t<\/div>\n\t\t\t\t\t\t<\/div>\n\t\t\t\t<\/div>\n\t\t\t\t\t\t<\/div>\n\t\t\t\t\t<\/div>\n\t\t<\/div>\n\t\t\t\t\t\t\t\t<\/div>\n\t\t\t\t\t<\/div>\n\t\t<\/section>\n\t\t\t\t\t\t<\/div>\n\t\t\t\t\t\t<\/div>\n\t\t\t\t\t<\/div>\n\t\t","protected":false},"excerpt":{"rendered":"<p>In our blog series focusing on what it&#8217;s like to be in Mallorca during a particular month of the year, we have a new article: Mallorca in September. With a curated selection of information from our local team. Find out how the weather is, what to do, what to see, and a sample of the main events in September in Mallorca.<\/p>\n","protected":false},"author":2,"featured_media":4699,"comment_status":"open","ping_status":"open","sticky":false,"template":"","format":"standard","meta":[],"categories":[1],"tags":[],"featured_image_urls":{"full":["https:\/\/www.nofrills-excursions.com\/blog\/wp-content\/uploads\/2020\/05\/hiking-mallorca.jpg",1280,853,false],"thumbnail":["https:\/\/www.nofrills-excursions.com\/blog\/wp-content\/uploads\/2020\/05\/hiking-mallorca-150x150.jpg",150,150,true],"medium":["https:\/\/www.nofrills-excursions.com\/blog\/wp-content\/uploads\/2020\/05\/hiking-mallorca-300x200.jpg",300,200,true],"medium_large":["https:\/\/www.nofrills-excursions.com\/blog\/wp-content\/uploads\/2020\/05\/hiking-mallorca-768x512.jpg",768,512,true],"large":["https:\/\/www.nofrills-excursions.com\/blog\/wp-content\/uploads\/2020\/05\/hiking-mallorca-1024x682.jpg",1024,682,true],"1536x1536":["https:\/\/www.nofrills-excursions.com\/blog\/wp-content\/uploads\/2020\/05\/hiking-mallorca.jpg",1280,853,false],"2048x2048":["https:\/\/www.nofrills-excursions.com\/blog\/wp-content\/uploads\/2020\/05\/hiking-mallorca.jpg",1280,853,false],"thumb-small":["https:\/\/www.nofrills-excursions.com\/blog\/wp-content\/uploads\/2020\/05\/hiking-mallorca-160x160.jpg",160,160,true],"thumb-standard":["https:\/\/www.nofrills-excursions.com\/blog\/wp-content\/uploads\/2020\/05\/hiking-mallorca-320x320.jpg",320,320,true],"thumb-medium":["https:\/\/www.nofrills-excursions.com\/blog\/wp-content\/uploads\/2020\/05\/hiking-mallorca-520x245.jpg",520,245,true],"thumb-large":["https:\/\/www.nofrills-excursions.com\/blog\/wp-content\/uploads\/2020\/05\/hiking-mallorca-720x340.jpg",720,340,true],"thumb-xlarge":["https:\/\/www.nofrills-excursions.com\/blog\/wp-content\/uploads\/2020\/05\/hiking-mallorca-980x450.jpg",980,450,true],"thumb-xxlarge":["https:\/\/www.nofrills-excursions.com\/blog\/wp-content\/uploads\/2020\/05\/hiking-mallorca-1280x500.jpg",1280,500,true]},"post_excerpt_stackable":"<p>In our blog series focusing on what it&#8217;s like to be in Mallorca during a particular month of the year, we have a new article: Mallorca in September. With a curated selection of information from our local team. Find out how the weather is, what to do, what to see, and a sample of the main events in September in Mallorca.<\/p>\n","category_list":"<a href=\"https:\/\/www.nofrills-excursions.com\/blog\/category\/alcudia\/\" rel=\"category tag\">Alcudia<\/a>","author_info":{"name":"Nofrills Excursions","url":"https:\/\/www.nofrills-excursions.com\/blog\/author\/nofrills\/"},"comments_num":"0 comments","yoast_head":"<!-- This site is optimized with the Yoast SEO plugin v15.9.2 - https:\/\/yoast.com\/wordpress\/plugins\/seo\/ -->\n<title>Mallorca in September: The Best Things to See and Do<\/title>\n<meta name=\"description\" content=\"Mallorca in September: lots of interesting things to see and to do on this article by the local team at No frills Excursions will plenty of useful tips.\" \/>\n<link rel=\"canonical\" href=\"https:\/\/www.nofrills-excursions.com\/blog\/mallorca-in-september\/\" \/>\n<meta property=\"og:locale\" content=\"en_US\" \/>\n<meta property=\"og:type\" content=\"article\" \/>\n<meta property=\"og:title\" content=\"Mallorca in September: The Best Things to See and Do\" \/>\n<meta property=\"og:description\" content=\"Mallorca in September: lots of interesting things to see and to do on this article by the local team at No frills Excursions will plenty of useful tips.\" \/>\n<meta property=\"og:url\" content=\"https:\/\/www.nofrills-excursions.com\/blog\/mallorca-in-september\/\" \/>\n<meta property=\"og:site_name\" content=\"NoFrills Excursions\" \/>\n<meta property=\"article:published_time\" content=\"2020-05-21T18:07:44+00:00\" \/>\n<meta property=\"article:modified_time\" content=\"2022-01-19T09:55:33+00:00\" \/>\n<meta property=\"og:image\" content=\"https:\/\/www.nofrills-excursions.com\/blog\/wp-content\/uploads\/2020\/05\/hiking-mallorca.jpg\" \/>\n\t<meta property=\"og:image:width\" content=\"1280\" \/>\n\t<meta property=\"og:image:height\" content=\"853\" \/>\n<meta name=\"twitter:card\" content=\"summary_large_image\" \/>\n<meta name=\"twitter:label1\" content=\"Est. reading time\">\n\t<meta name=\"twitter:data1\" content=\"14 minutes\">\n<script type=\"application\/ld+json\" class=\"yoast-schema-graph\">{\"@context\":\"https:\/\/schema.org\",\"@graph\":[{\"@type\":\"WebSite\",\"@id\":\"https:\/\/www.nofrills-excursions.com\/blog\/#website\",\"url\":\"https:\/\/www.nofrills-excursions.com\/blog\/\",\"name\":\"NoFrills Excursions\",\"description\":\"Excursions in Mallorca\",\"potentialAction\":[{\"@type\":\"SearchAction\",\"target\":\"https:\/\/www.nofrills-excursions.com\/blog\/?s={search_term_string}\",\"query-input\":\"required name=search_term_string\"}],\"inLanguage\":\"en-US\"},{\"@type\":\"ImageObject\",\"@id\":\"https:\/\/www.nofrills-excursions.com\/blog\/mallorca-in-september\/#primaryimage\",\"inLanguage\":\"en-US\",\"url\":\"https:\/\/www.nofrills-excursions.com\/blog\/wp-content\/uploads\/2020\/05\/hiking-mallorca.jpg\",\"width\":1280,\"height\":853,\"caption\":\"Hiking trial on Mallorca\"},{\"@type\":\"WebPage\",\"@id\":\"https:\/\/www.nofrills-excursions.com\/blog\/mallorca-in-september\/#webpage\",\"url\":\"https:\/\/www.nofrills-excursions.com\/blog\/mallorca-in-september\/\",\"name\":\"Mallorca in September: The Best Things to See and Do\",\"isPartOf\":{\"@id\":\"https:\/\/www.nofrills-excursions.com\/blog\/#website\"},\"primaryImageOfPage\":{\"@id\":\"https:\/\/www.nofrills-excursions.com\/blog\/mallorca-in-september\/#primaryimage\"},\"datePublished\":\"2020-05-21T18:07:44+00:00\",\"dateModified\":\"2022-01-19T09:55:33+00:00\",\"author\":{\"@id\":\"https:\/\/www.nofrills-excursions.com\/blog\/#\/schema\/person\/bde69375328da075354f383881dd933c\"},\"description\":\"Mallorca in September: lots of interesting things to see and to do on this article by the local team at No frills Excursions will plenty of useful tips.\",\"breadcrumb\":{\"@id\":\"https:\/\/www.nofrills-excursions.com\/blog\/mallorca-in-september\/#breadcrumb\"},\"inLanguage\":\"en-US\",\"potentialAction\":[{\"@type\":\"ReadAction\",\"target\":[\"https:\/\/www.nofrills-excursions.com\/blog\/mallorca-in-september\/\"]}]},{\"@type\":\"BreadcrumbList\",\"@id\":\"https:\/\/www.nofrills-excursions.com\/blog\/mallorca-in-september\/#breadcrumb\",\"itemListElement\":[{\"@type\":\"ListItem\",\"position\":1,\"item\":{\"@type\":\"WebPage\",\"@id\":\"https:\/\/www.nofrills-excursions.com\/blog\/\",\"url\":\"https:\/\/www.nofrills-excursions.com\/blog\/\",\"name\":\"Home\"}},{\"@type\":\"ListItem\",\"position\":2,\"item\":{\"@type\":\"WebPage\",\"@id\":\"https:\/\/www.nofrills-excursions.com\/blog\/mallorca-in-september\/\",\"url\":\"https:\/\/www.nofrills-excursions.com\/blog\/mallorca-in-september\/\",\"name\":\"Mallorca (Majorca) in September &#8211; The Best Things to See and Do\"}}]},{\"@type\":\"Person\",\"@id\":\"https:\/\/www.nofrills-excursions.com\/blog\/#\/schema\/person\/bde69375328da075354f383881dd933c\",\"name\":\"Nofrills Excursions\",\"sameAs\":[\"https:\/\/www.nofrills-excursions.com\"]}]}<\/script>\n<!-- \/ Yoast SEO plugin. -->","_links":{"self":[{"href":"https:\/\/www.nofrills-excursions.com\/blog\/wp-json\/wp\/v2\/posts\/4664"}],"collection":[{"href":"https:\/\/www.nofrills-excursions.com\/blog\/wp-json\/wp\/v2\/posts"}],"about":[{"href":"https:\/\/www.nofrills-excursions.com\/blog\/wp-json\/wp\/v2\/types\/post"}],"author":[{"embeddable":true,"href":"https:\/\/www.nofrills-excursions.com\/blog\/wp-json\/wp\/v2\/users\/2"}],"replies":[{"embeddable":true,"href":"https:\/\/www.nofrills-excursions.com\/blog\/wp-json\/wp\/v2\/comments?post=4664"}],"version-history":[{"count":109,"href":"https:\/\/www.nofrills-excursions.com\/blog\/wp-json\/wp\/v2\/posts\/4664\/revisions"}],"predecessor-version":[{"id":7604,"href":"https:\/\/www.nofrills-excursions.com\/blog\/wp-json\/wp\/v2\/posts\/4664\/revisions\/7604"}],"wp:featuredmedia":[{"embeddable":true,"href":"https:\/\/www.nofrills-excursions.com\/blog\/wp-json\/wp\/v2\/media\/4699"}],"wp:attachment":[{"href":"https:\/\/www.nofrills-excursions.com\/blog\/wp-json\/wp\/v2\/media?parent=4664"}],"wp:term":[{"taxonomy":"category","embeddable":true,"href":"https:\/\/www.nofrills-excursions.com\/blog\/wp-json\/wp\/v2\/categories?post=4664"},{"taxonomy":"post_tag","embeddable":true,"href":"https:\/\/www.nofrills-excursions.com\/blog\/wp-json\/wp\/v2\/tags?post=4664"}],"curies":[{"name":"wp","href":"https:\/\/api.w.org\/{rel}","templated":true}]}}